{"id":6418,"date":"2023-06-19T09:42:28","date_gmt":"2023-06-19T07:42:28","guid":{"rendered":"https:\/\/pipol11.pipolcongres.eu\/2023\/06\/19\/mon-pere-ce-heros-frederique-bouvet\/"},"modified":"2023-06-23T05:14:28","modified_gmt":"2023-06-23T03:14:28","slug":"my-father-this-hero-frederique-bouvet","status":"publish","type":"post","link":"https:\/\/pipol11.pipolcongres.eu\/en\/2023\/06\/19\/my-father-this-hero-frederique-bouvet\/","title":{"rendered":"My father, this hero \u2013 <em>Fr\u00e9d\u00e9rique Bouvet<\/em>"},"content":{"rendered":"<div class=\"pf-content\"><p>At the age of twenty-three, Violette d\u2019Urso wrote her first novel, <em>Even the noise of the night has changed <\/em>(<em>M\u00eame le bruit de la nuit a chang\u00e9<\/em>)<a href=\"#_edn1\" name=\"_ednref1\">[1]<\/a>. Daughter of In\u00e8s de la Fressange and Luigi d\u2019Urso, she lost her father at the age of six, as did the heroine of her book, Anna. The author says: \u201cI couldn\u2019t write a story about him because he is made up of fantasy. During the writing process, the imaginary saved me. It was a door of light. It enabled me to escape, at regular intervals, from the harshness of reality\u201d<a href=\"#_edn2\" name=\"_ednref2\">[2]<\/a>.<\/p>\n<p>This book is above all a book about the relationship with lack and loss. Anna questions the relationship between her father and her mother. Why did they each live in a different flat? Were they separated? In \u201c<em>Los padres in the direction of the cure<\/em>\u201d<em> (Los padres<\/em> dans la direction de la cure)<a href=\"#_edn3\" name=\"_ednref3\">[3]<\/a>, Jacques-Alain Miller highlights what \u201cthis family history tells, this history between what takes place between father and mother and everything that goes with it in the family\u201d. What counts is \u201cthe way in which the subject was separated from the primordial object, how it was affected by this loss [&#8230;] and what emerged for it from this loss, what fantasy arose from it, what jouissance was recovered from this catastrophe\u201d<a href=\"#_edn4\" name=\"_ednref4\">[4]<\/a>.<\/p>\n<p>For several years, Anna indulged in her orphan status, while at the same time glorifying her father, an imaginary, heroic father. If Lacan was able to write that \u201cWe mourn but for he of whom we can say <em>I was his lack<\/em>\u201d<a href=\"#_edn5\" name=\"_ednref5\">[5]<\/a>, how can we be this object\u00a0<em>\u03b1<\/em>, that is, what we are for the Other?<a href=\"#_edn6\" name=\"_ednref6\">[6]<\/a> Anna will first maintain this mourning by weaving \u201cbonds only with people who have lost one of their parents. [&#8230;] Because you haven\u2019t [&#8230;] lived with this parent, you haven\u2019t been able to create habits with them, you can\u2019t identify the moments when their presence is missing, and then one day you find yourself faced with a hole [&#8230;] I didn\u2019t know my father any more. If someone had spoken to me about him a few months after his death, I would have been able to talk about him, say what he said and how, but now I\u2019d lost him\u201d<a href=\"#_edn7\" name=\"_ednref7\">[7]<\/a>. But to identify with other orphans is a mistake, and it says nothing about the role her father played for this young girl.<\/p>\n<p>At the age of seventeen, Anna set off in search of her father. She travelled to several Italian towns to find out who he was. Surprise! Everyone has their own version. Arnoldo, one of her father\u2019s friends, told her that her father not only drank, but also took heroin \u2013\u00a0the worst kind of drug for Anna. \u201cHero really terrified me. [&#8230;] I used to dream of meeting my father, but all of a sudden he was my nightmare\u201d<a href=\"#_edn8\" name=\"_ednref8\">[8]<\/a>. Faced with a paternal deficiency, a subjective mutation takes place. The father changes place: \u201cIt was hard being the daughter of a heroin addict, but it was just as hard being the daughter of a hero, a perfect man\u201d<a href=\"#_edn9\" name=\"_ednref9\">[9]<\/a>. Anna continues her journey, from discovery to discovery, not always joyful, just like the journey of an analysis. She goes to meet a psychoanalyst, and even two at the same time, the first not receiving her sufficiently in her opinion. We know nothing about these sessions. A veil is thrown.<\/p>\n<p>On learning that her paternal grandmother also took drugs, and that she had died racing in a car with a friend when her father was only nine, Anna wonders about the function of drugs for him, and his relationship with lack. It is, among other things, a word from Anna\u2019s father that the young girl now interprets differently which allows her, at the end of this epic, to put her father \u201cin his place, quite simply [and to no longer consider] his loss to be the most interesting part\u201d<a href=\"#_edn10\" name=\"_ednref10\">[10]<\/a> of her. It is impossible as such to be the lack of the Other. It took the resort to the fantasy to veil this real, and then to confront it.<\/p>\n<p>References from the author:<br \/>\n<a href=\"#_ednref1\" name=\"_edn1\">[1]<\/a> d\u2019Urso V., <em>M\u00eame le bruit de la nuit a chang\u00e9<\/em>, Paris, Flammarion, 2023.<br \/>\n<a href=\"#_ednref2\" name=\"_edn2\">[2]<\/a> Delorme M.-L., \u00ab\u00a0Comment la fille d\u2019In\u00e8s de la Fressange, Violette d\u2019Urso, a enqu\u00eat\u00e9 sur son p\u00e8re, mort en 2006\u00a0\u00bb,<em> Le Journal du dimanche<\/em>, 21\u00a0mars\u00a02023, disponible sur internet.<br \/>\n<a href=\"#_ednref3\" name=\"_edn3\">[3]<\/a> Miller J.-A., \u00ab\u00a0<em>Los padres <\/em>dans la direction de la cure\u00a0\u00bb, <em>Quarto<\/em>, n\u00b063, automne-hiver\u00a01997, p.\u00a04-11, <em>(untranslated in English), <\/em>our translation<br \/>\n<a href=\"#_ednref4\" name=\"_edn4\">[4]<\/a> <em>Ibid<\/em>., p.\u00a010, our translation<br \/>\n<a href=\"#_ednref5\" name=\"_edn5\">[5]<\/a> Lacan, J. <em>The Seminar of Jacques Lacan, Book X, Anxiety<\/em>, edited by Jacques-Alain Miller, translated by A. R. Price. Cambridge: Polity Press, 2014, p. 141.<br \/>\n<a href=\"#_ednref6\" name=\"_edn6\">[6]<\/a> Cf. Leguil C., \u00ab\u00a0Marie Laurent interviewe Clotilde Leguil\u00a0\u00bb, entretien avec M.\u00a0Laurent, <em>Ironik<\/em>, n\u00b09, 29\u00a0septembre\u00a02015, publication en ligne. (www.lacan-universite.fr)<br \/>\n<a href=\"#_ednref7\" name=\"_edn7\">[7]<\/a> D\u2019Urso V., <em>M\u00eame le bruit de la nuit a chang\u00e9<\/em>,<em> op. cit<\/em>., p.\u00a067-68.<br \/>\n<a href=\"#_ednref8\" name=\"_edn8\">[8]<\/a> <em>Ibid<\/em>., p.\u00a090.<br \/>\n<a href=\"#_ednref9\" name=\"_edn9\">[9]<\/a> <em>Ibid<\/em>., p.\u00a098-99.<br \/>\n<a href=\"#_ednref10\" name=\"_edn10\">[10]<\/a> <em>Ibid<\/em>., p.\u00a0296.<\/p>\n<p style=\"text-align: right;\">Translation: Polina Agapaki<br \/>\nProofreading: S\u00e9bastien Dauguet<\/p>\n<p style=\"text-align: right;\">Picture : \u00a9 <a href=\"mailto:samirabakhash15@gmail.com\">Samira Bakhash<\/a><\/p>\n<\/div>","protected":false},"excerpt":{"rendered":"<p>At the age of twenty-three, Violette d\u2019Urso wrote her first novel, Even the noise of the night has changed (M\u00eame le bruit de la nuit a chang\u00e9)[1]. Daughter of In\u00e8s de la Fressange and Luigi d\u2019Urso, she lost her father at the age of six, as did the heroine of her book, Anna. The author [&hellip;]<\/p>\n","protected":false},"author":3,"featured_media":6369,"comment_status":"closed","ping_status":"closed","sticky":false,"template":"","format":"standard","meta":{"spay_email":""},"categories":[168],"tags":[],"jetpack_featured_media_url":"https:\/\/pipol11.pipolcongres.eu\/wp-content\/uploads\/2023\/06\/Bouvet.Bakhash-sans-.jpg","yoast_head":"<!-- This site is optimized with the Yoast SEO plugin v15.5 - https:\/\/yoast.com\/wordpress\/plugins\/seo\/ -->\n<title>My father, this hero \u2013 Fr\u00e9d\u00e9rique Bouvet - Pipol11<\/title>\n<meta name=\"robots\" content=\"index, follow, max-snippet:-1, max-image-preview:large, max-video-preview:-1\" \/>\n<link rel=\"canonical\" href=\"https:\/\/pipol11.pipolcongres.eu\/en\/2023\/06\/19\/my-father-this-hero-frederique-bouvet\/\" \/>\n<meta property=\"og:locale\" content=\"en_US\" \/>\n<meta property=\"og:type\" content=\"article\" \/>\n<meta property=\"og:title\" content=\"My father, this hero \u2013 Fr\u00e9d\u00e9rique Bouvet - Pipol11\" \/>\n<meta property=\"og:description\" content=\"At the age of twenty-three, Violette d\u2019Urso wrote her first novel, Even the noise of the night has changed (M\u00eame le bruit de la nuit a chang\u00e9)[1]. Daughter of In\u00e8s de la Fressange and Luigi d\u2019Urso, she lost her father at the age of six, as did the heroine of her book, Anna. The author [&hellip;]\" \/>\n<meta property=\"og:url\" content=\"https:\/\/pipol11.pipolcongres.eu\/en\/2023\/06\/19\/my-father-this-hero-frederique-bouvet\/\" \/>\n<meta property=\"og:site_name\" content=\"Pipol11\" \/>\n<meta property=\"article:published_time\" content=\"2023-06-19T07:42:28+00:00\" \/>\n<meta property=\"article:modified_time\" content=\"2023-06-23T03:14:28+00:00\" \/>\n<meta property=\"og:image\" content=\"https:\/\/pipol11.pipolcongres.eu\/wp-content\/uploads\/2023\/06\/Bouvet.Bakhash-sans-.jpg\" \/>\n\t<meta property=\"og:image:width\" content=\"750\" \/>\n\t<meta property=\"og:image:height\" content=\"375\" \/>\n<meta name=\"twitter:card\" content=\"summary_large_image\" \/>\n<meta name=\"twitter:label1\" content=\"Est. reading time\">\n\t<meta name=\"twitter:data1\" content=\"3 minutes\">\n<script type=\"application\/ld+json\" class=\"yoast-schema-graph\">{\"@context\":\"https:\/\/schema.org\",\"@graph\":[{\"@type\":\"WebSite\",\"@id\":\"https:\/\/pipol11.pipolcongres.eu\/#website\",\"url\":\"https:\/\/pipol11.pipolcongres.eu\/\",\"name\":\"Pipol11\",\"description\":\"\",\"potentialAction\":[{\"@type\":\"SearchAction\",\"target\":\"https:\/\/pipol11.pipolcongres.eu\/?s={search_term_string}\",\"query-input\":\"required name=search_term_string\"}],\"inLanguage\":\"en-US\"},{\"@type\":\"ImageObject\",\"@id\":\"https:\/\/pipol11.pipolcongres.eu\/en\/2023\/06\/19\/my-father-this-hero-frederique-bouvet\/#primaryimage\",\"inLanguage\":\"en-US\",\"url\":\"https:\/\/pipol11.pipolcongres.eu\/wp-content\/uploads\/2023\/06\/Bouvet.Bakhash-sans-.jpg\",\"width\":750,\"height\":375,\"caption\":\"\\u00a9 Samira Bakhash \\u2013 samirabakhash15@gmail.com\"},{\"@type\":\"WebPage\",\"@id\":\"https:\/\/pipol11.pipolcongres.eu\/en\/2023\/06\/19\/my-father-this-hero-frederique-bouvet\/#webpage\",\"url\":\"https:\/\/pipol11.pipolcongres.eu\/en\/2023\/06\/19\/my-father-this-hero-frederique-bouvet\/\",\"name\":\"My father, this hero \\u2013 Fr\\u00e9d\\u00e9rique Bouvet - Pipol11\",\"isPartOf\":{\"@id\":\"https:\/\/pipol11.pipolcongres.eu\/#website\"},\"primaryImageOfPage\":{\"@id\":\"https:\/\/pipol11.pipolcongres.eu\/en\/2023\/06\/19\/my-father-this-hero-frederique-bouvet\/#primaryimage\"},\"datePublished\":\"2023-06-19T07:42:28+00:00\",\"dateModified\":\"2023-06-23T03:14:28+00:00\",\"author\":{\"@id\":\"https:\/\/pipol11.pipolcongres.eu\/#\/schema\/person\/f8cb217f45103fcb436f14acee2b5b9b\"},\"inLanguage\":\"en-US\",\"potentialAction\":[{\"@type\":\"ReadAction\",\"target\":[\"https:\/\/pipol11.pipolcongres.eu\/en\/2023\/06\/19\/my-father-this-hero-frederique-bouvet\/\"]}]},{\"@type\":\"Person\",\"@id\":\"https:\/\/pipol11.pipolcongres.eu\/#\/schema\/person\/f8cb217f45103fcb436f14acee2b5b9b\",\"name\":\"PIPOL TEAM\",\"image\":{\"@type\":\"ImageObject\",\"@id\":\"https:\/\/pipol11.pipolcongres.eu\/#personlogo\",\"inLanguage\":\"en-US\",\"url\":\"https:\/\/secure.gravatar.com\/avatar\/b98e815813af2d80d5c2073a926d2dd2?s=96&d=mm&r=g\",\"caption\":\"PIPOL TEAM\"}}]}<\/script>\n<!-- \/ Yoast SEO plugin. -->","amp_validity":null,"amp_enabled":true,"_links":{"self":[{"href":"https:\/\/pipol11.pipolcongres.eu\/en\/wp-json\/wp\/v2\/posts\/6418"}],"collection":[{"href":"https:\/\/pipol11.pipolcongres.eu\/en\/wp-json\/wp\/v2\/posts"}],"about":[{"href":"https:\/\/pipol11.pipolcongres.eu\/en\/wp-json\/wp\/v2\/types\/post"}],"author":[{"embeddable":true,"href":"https:\/\/pipol11.pipolcongres.eu\/en\/wp-json\/wp\/v2\/users\/3"}],"replies":[{"embeddable":true,"href":"https:\/\/pipol11.pipolcongres.eu\/en\/wp-json\/wp\/v2\/comments?post=6418"}],"version-history":[{"count":0,"href":"https:\/\/pipol11.pipolcongres.eu\/en\/wp-json\/wp\/v2\/posts\/6418\/revisions"}],"wp:featuredmedia":[{"embeddable":true,"href":"https:\/\/pipol11.pipolcongres.eu\/en\/wp-json\/wp\/v2\/media\/6369"}],"wp:attachment":[{"href":"https:\/\/pipol11.pipolcongres.eu\/en\/wp-json\/wp\/v2\/media?parent=6418"}],"wp:term":[{"taxonomy":"category","embeddable":true,"href":"https:\/\/pipol11.pipolcongres.eu\/en\/wp-json\/wp\/v2\/categories?post=6418"},{"taxonomy":"post_tag","embeddable":true,"href":"https:\/\/pipol11.pipolcongres.eu\/en\/wp-json\/wp\/v2\/tags?post=6418"}],"curies":[{"name":"wp","href":"https:\/\/api.w.org\/{rel}","templated":true}]}}