{"id":5078,"date":"2023-04-06T20:40:07","date_gmt":"2023-04-06T18:40:07","guid":{"rendered":"https:\/\/pipol11.pipolcongres.eu\/?p=5078"},"modified":"2023-04-07T07:32:17","modified_gmt":"2023-04-07T05:32:17","slug":"un-mito-de-benevolencia-contemporaneo-felix-rueda","status":"publish","type":"post","link":"https:\/\/pipol11.pipolcongres.eu\/es\/2023\/04\/06\/un-mito-de-benevolencia-contemporaneo-felix-rueda\/","title":{"rendered":"Un mito de benevolencia contempor\u00e1neo \u2013 <em>F\u00e9lix Rueda<\/em>"},"content":{"rendered":"<div class=\"pf-content\"><p>Hay una mutaci\u00f3n acelerada de la civilizaci\u00f3n, efecto de la inmixi\u00f3n de la ciencia en el mundo, que hace que \u00ab\u00a0hayamo<em>s<\/em> dejado atr\u00e1s la \u00e9poca del malestar para entrar decididamente en la del impasse\u00a0\u00bb<a href=\"#_edn1\" name=\"_ednref1\">[1]<\/a>. Aqu\u00ed como all\u00e1 \u00ab\u00a0se prepara la ciencia rectificando la posici\u00f3n de la \u00e9tica\u00a0\u00bb<a href=\"#_edn2\" name=\"_ednref2\">[2]<\/a>.<\/p>\n<p>Un nuevo c\u00f3digo<a href=\"#_edn3\" name=\"_ednref3\">[3]<\/a> se expande, ha calado en las profundidades del gusto de la \u00e9poca. Es compartido y resuena en campos diversos. Sirva como ejemplo, los significantes utilizados por activistas de la emergencia clim\u00e1tica que denuncian una \u00ab\u00a0civilizaci\u00f3n que ha concebido su relaci\u00f3n con la naturaleza en t\u00e9rminos de dominaci\u00f3n y depredaci\u00f3n, en lugar de preservaci\u00f3n, cuidado e independencia\u00a0\u00bb<a href=\"#_edn4\" name=\"_ednref4\">[4]<\/a>. <em>Dominaci<\/em><em>\u00f3n, depredaci\u00f3<\/em><em>n<\/em>, son significantes compartidos con la teor\u00eda de g\u00e9nero y la teor\u00eda racial, frente a ideales como <em>cuidado <\/em>e<em> independencia<\/em>, que forman parte de aquello que hay que lograr.<\/p>\n<p>Un ejemplo significativo, que implica barreras segregativas, habitual en las universidades estadounidenses, son los <em>safe spaces, <\/em>donde los estudiantes se pueden refugiar de aquellas perspectivas o expresiones que choquen con las suyas. Este \u00ab\u00a0movimiento trata sobre todo del bienestar emocional [\u2026] subraya la finalidad de proteger a los estudiantes de todo da\u00f1o psicol\u00f3gico\u00a0\u00bb<a href=\"#_edn5\" name=\"_ednref5\">[5]<\/a>. Si bien el derecho a no ser ofendido existe en toda tradici\u00f3n, la dimensi\u00f3n discursiva ha cambiado, ampli\u00e1ndose como evidencia de una ofensa cualquier conducta verbal considerada como \u00ab\u00a0inconveniente\u00a0\u00bb relativa al sexo, raza, religi\u00f3n, naci\u00f3n o discapacidad. Esta evidencia de car\u00e1cter subjetivo, crea una zona de indefinici\u00f3n entre ley y moralidad, que produce un extenso debate sobre la censura y la libertad de palabra<a href=\"#_edn6\" name=\"_ednref6\">[6]<\/a>. Lo subjetivo deviene as\u00ed pol\u00edtico, lo cual est\u00e1 en la base de los movimientos <em>Woke<\/em>.<\/p>\n<p>A este efecto segregativo causado por la <em>evaporaci\u00f3n del padre<\/em><a href=\"#_edn7\" name=\"_ednref7\">[7]<\/a><em>, <\/em>Miller agrega\u00a0: \u00ab\u00a0no hay solamente una cara segregativa\u00a0; a\u00f1adir\u00e9 que hay igualmente, una aspiraci\u00f3n al bien universal, a que todos nos hablemos bien, haciendo huir el mal decir de nuestro discurso\u00a0\u00bb<a href=\"#_edn8\" name=\"_ednref8\">[8]<\/a>.<\/p>\n<p>Aspiraci\u00f3n que no deja de ser un nuevo <em>mito de benevolencia<\/em><a href=\"#_edn9\" name=\"_ednref9\">[9]<\/a>, fundado en la consideraci\u00f3n de <em>injusticia distributiva <\/em>que se jugar\u00eda en cualquier diferencia<em>, <\/em>especialmente en el binarismo hombres-mujeres<a href=\"#_edn10\" name=\"_ednref10\">[10]<\/a>. Esto lleva a un empuje a la justicia y toma la forma de un nuevo imperativo que se presenta como categ\u00f3rico, a despecho de todo objeto, al que Miller ha calificado como <em>la escucha sin interpretaci\u00f3<\/em><em>n<\/em><a href=\"#_edn11\" name=\"_ednref11\">[11]<\/a>, que produce efectos de angustia y autocensura en el momento de cuestionarlo en la esfera p\u00fablica.<\/p>\n<p>Lo que se encuentra en un an\u00e1lisis es que lo imposible de soportar, que anima la rebeli\u00f3n, est\u00e1 en uno mismo y puede coincidir con el teatro \u00edntimo del fantasma<a href=\"#_edn12\" name=\"_ednref12\">[12]<\/a>. All\u00ed un goce es encontrado, una envidia del goce, <em>jalouissance<\/em><a href=\"#_edn13\" name=\"_ednref13\">[13]<\/a><em>,<\/em> de la que conviene estar advertidos si queremos rebelarnos de la buena manera.<\/p>\n<p><a href=\"#_ednref1\" name=\"_edn1\">[1]<\/a> Miller J.-A., <em>El Otro que no existe y sus comit\u00e9s de \u00e9tica<\/em>, Buenos Aires, Paid\u00f3s, 2013, p.\u00a015.<br \/>\n<a href=\"#_ednref2\" name=\"_edn2\">[2]<\/a> Lacan J., \u00ab\u00a0Kant con Sade\u00a0\u00bb, <em>Escritos II<\/em>, Buenos Aires, Siglo\u00a0XXI, 2003, p.\u00a0744.<br \/>\n<a href=\"#_ednref3\" name=\"_edn3\">[3]<\/a> Cf. \u00ab\u00a0Translations from the Wokish\u00a0\u00bb (Traducciones del Wokish),<em> New discourses Pursuing the light of objective truth in subjective darkness (Nuevos discursos Persiguiendo la luz de la verdad objetiva en la oscuridad subjetiva)<\/em>, disponible en internet en\u00a0: <a href=\"https:\/\/newdiscourses.com\/translations-from-the-wokish\/%252520\">https:\/\/newdiscourses.com\/translations-from-the-wokish\/ <\/a><br \/>\n<a href=\"#_ednref4\" name=\"_edn4\">[4]<\/a> Olabe A., <em>Necesidad de una pol\u00edtica para la tierra Emergencia clim\u00e1tica en tiempos de confrontaci\u00f3n<\/em>, Barcelona, Galaxia Gutenberg, 2022, p.\u00a0238.<br \/>\n<a href=\"#_ednref5\" name=\"_edn5\">[5]<\/a> Lukianoff G. y Haidt J., \u00ab\u00a0The coddling of the american mind<em>\u00a0\u00bb <\/em>(El mimo de la mente americana), <em>Atlantic<\/em>, septiembre 2015, disponible en internet en\u00a0: <a href=\"https:\/\/www.theatlantic.com\/magazine\/archive\/2015\/09\/the-coddling-of-the-american-mind\/399356\/\">https:\/\/www.theatlantic.com\/magazine\/archive\/2015\/09\/the-coddling-of-the-american-mind\/399356\/<\/a><br \/>\n<a href=\"#_ednref6\" name=\"_edn6\">[6]<\/a> Canto-Sperber M., <em>Sauver la libert\u00e9 d\u2019expression (Salvar la libertad de expresi\u00f3n)<\/em>, Albin Michel, 2021.<br \/>\n<a href=\"#_ednref7\" name=\"_edn7\">[7]<\/a> Lacan J.,\u00ab\u00a0Nota sobre el padre<em>\u00a0\u00bb<\/em>, <em>El psicoan\u00e1lisis<\/em>, n\u00b029, 2016, p.\u00a06.<br \/>\n<a href=\"#_ednref8\" name=\"_edn8\">[8]<\/a> Miller J-A., \u00ab\u00a0Conversaciones con analistas espa\u00f1oles y rusos<em>\u00a0\u00bb<\/em>, <em>La Colecci\u00f3n de la ELP<\/em>, n\u00b016, p.\u00a017. Tambi\u00e9n en Miller J.-A., \u00ab\u00a0La escucha con y sin interpretaci\u00f3n\u00a0\u00bb, Lacan Web Televisi\u00f3n, 15 de mayo del 2021, disponible en internet\u00a0:\u00a0<a href=\"https:\/\/www.youtube.com\/watch?v=F56PprU6Jmk\">https:\/\/www.youtube.com\/watch?v=F56PprU6Jmk<\/a><br \/>\n<a href=\"#_ednref9\" name=\"_edn9\">[9]<\/a> Lacan J., \u00ab\u00a0Kant con Sade\u00a0\u00bb, <em>op. cit<\/em>, p.\u00a0744.<br \/>\n<a href=\"#_ednref10\" name=\"_edn10\">[10]<\/a> Miller J-A., \u00ab\u00a0D\u00f3cil a lo trans\u00a0\u00bb, El <em>deseo trans<\/em>, Barcelona, RBA libros, 2022.<br \/>\n<a href=\"#_ednref11\" name=\"_edn11\">[11]<\/a> Miller J-A., <em>op. cit<\/em>.<br \/>\n<a href=\"#_ednref12\" name=\"_edn12\">[12]<\/a> Miller J.-A., \u00ab\u00a0\u00bf\u00a0C\u00f3mo rebelarse\u00a0?\u00a0\u00bb, <em>Carretel<\/em>, n\u00a015, Bilbao, Grama, 2020, p.\u00a093.<br \/>\n<a href=\"#_ednref13\" name=\"_edn13\">[13]<\/a> Lacan J., <em>El Seminario<\/em>, libro\u00a0XX, <em>A\u00fan<\/em>, texto establecido por J.-A.\u00a0Miller, Buenos Aires, Paid\u00f3s, p.\u00a0121.<\/p>\n<p style=\"text-align: right;\">Fotograf\u00eda : \u00a9 <a href=\"https:\/\/www.geoffroymottart.com\/\">Geoffroy Mottart<\/a><\/p>\n<\/div>","protected":false},"excerpt":{"rendered":"<p>Hay una mutaci\u00f3n acelerada de la civilizaci\u00f3n, efecto de la inmixi\u00f3n de la ciencia en el mundo, que hace que \u00ab\u00a0hayamos dejado atr\u00e1s la \u00e9poca del malestar para entrar decididamente en la del impasse\u00a0\u00bb[1]. Aqu\u00ed como all\u00e1 \u00ab\u00a0se prepara la ciencia rectificando la posici\u00f3n de la \u00e9tica\u00a0\u00bb[2]. Un nuevo c\u00f3digo[3] se expande, ha calado en [&hellip;]<\/p>\n","protected":false},"author":3,"featured_media":5037,"comment_status":"closed","ping_status":"closed","sticky":false,"template":"","format":"standard","meta":{"spay_email":""},"categories":[184],"tags":[],"jetpack_featured_media_url":"https:\/\/pipol11.pipolcongres.eu\/wp-content\/uploads\/2023\/04\/RUEDA.MOTTART.jpg","yoast_head":"<!-- This site is optimized with the Yoast SEO plugin v15.5 - https:\/\/yoast.com\/wordpress\/plugins\/seo\/ -->\n<title>Un mito de benevolencia contempor\u00e1neo \u2013 F\u00e9lix Rueda - Pipol11<\/title>\n<meta name=\"robots\" content=\"index, follow, max-snippet:-1, max-image-preview:large, max-video-preview:-1\" \/>\n<link rel=\"canonical\" href=\"https:\/\/pipol11.pipolcongres.eu\/es\/2023\/04\/06\/un-mito-de-benevolencia-contemporaneo-felix-rueda\/\" \/>\n<meta property=\"og:locale\" content=\"es_ES\" \/>\n<meta property=\"og:type\" content=\"article\" \/>\n<meta property=\"og:title\" content=\"Un mito de benevolencia contempor\u00e1neo \u2013 F\u00e9lix Rueda - Pipol11\" \/>\n<meta property=\"og:description\" content=\"Hay una mutaci\u00f3n acelerada de la civilizaci\u00f3n, efecto de la inmixi\u00f3n de la ciencia en el mundo, que hace que \u00ab\u00a0hayamos dejado atr\u00e1s la \u00e9poca del malestar para entrar decididamente en la del impasse\u00a0\u00bb[1]. Aqu\u00ed como all\u00e1 \u00ab\u00a0se prepara la ciencia rectificando la posici\u00f3n de la \u00e9tica\u00a0\u00bb[2]. Un nuevo c\u00f3digo[3] se expande, ha calado en [&hellip;]\" \/>\n<meta property=\"og:url\" content=\"https:\/\/pipol11.pipolcongres.eu\/es\/2023\/04\/06\/un-mito-de-benevolencia-contemporaneo-felix-rueda\/\" \/>\n<meta property=\"og:site_name\" content=\"Pipol11\" \/>\n<meta property=\"article:published_time\" content=\"2023-04-06T18:40:07+00:00\" \/>\n<meta property=\"article:modified_time\" content=\"2023-04-07T05:32:17+00:00\" \/>\n<meta property=\"og:image\" content=\"https:\/\/pipol11.pipolcongres.eu\/wp-content\/uploads\/2023\/04\/RUEDA.MOTTART.jpg\" \/>\n\t<meta property=\"og:image:width\" content=\"750\" \/>\n\t<meta property=\"og:image:height\" content=\"375\" \/>\n<meta name=\"twitter:card\" content=\"summary_large_image\" \/>\n<meta name=\"twitter:label1\" content=\"Tiempo de lectura\">\n\t<meta name=\"twitter:data1\" content=\"3 minutos\">\n<script type=\"application\/ld+json\" class=\"yoast-schema-graph\">{\"@context\":\"https:\/\/schema.org\",\"@graph\":[{\"@type\":\"WebSite\",\"@id\":\"https:\/\/pipol11.pipolcongres.eu\/#website\",\"url\":\"https:\/\/pipol11.pipolcongres.eu\/\",\"name\":\"Pipol11\",\"description\":\"\",\"potentialAction\":[{\"@type\":\"SearchAction\",\"target\":\"https:\/\/pipol11.pipolcongres.eu\/?s={search_term_string}\",\"query-input\":\"required name=search_term_string\"}],\"inLanguage\":\"es\"},{\"@type\":\"ImageObject\",\"@id\":\"https:\/\/pipol11.pipolcongres.eu\/es\/2023\/04\/06\/un-mito-de-benevolencia-contemporaneo-felix-rueda\/#primaryimage\",\"inLanguage\":\"es\",\"url\":\"https:\/\/pipol11.pipolcongres.eu\/wp-content\/uploads\/2023\/04\/RUEDA.MOTTART.jpg\",\"width\":750,\"height\":375,\"caption\":\"\\u00a9 Geoffroy Mottart \\u2013 https:\/\/www.geoffroymottart.com\/\"},{\"@type\":\"WebPage\",\"@id\":\"https:\/\/pipol11.pipolcongres.eu\/es\/2023\/04\/06\/un-mito-de-benevolencia-contemporaneo-felix-rueda\/#webpage\",\"url\":\"https:\/\/pipol11.pipolcongres.eu\/es\/2023\/04\/06\/un-mito-de-benevolencia-contemporaneo-felix-rueda\/\",\"name\":\"Un mito de benevolencia contempor\\u00e1neo \\u2013 F\\u00e9lix Rueda - Pipol11\",\"isPartOf\":{\"@id\":\"https:\/\/pipol11.pipolcongres.eu\/#website\"},\"primaryImageOfPage\":{\"@id\":\"https:\/\/pipol11.pipolcongres.eu\/es\/2023\/04\/06\/un-mito-de-benevolencia-contemporaneo-felix-rueda\/#primaryimage\"},\"datePublished\":\"2023-04-06T18:40:07+00:00\",\"dateModified\":\"2023-04-07T05:32:17+00:00\",\"author\":{\"@id\":\"https:\/\/pipol11.pipolcongres.eu\/#\/schema\/person\/f8cb217f45103fcb436f14acee2b5b9b\"},\"inLanguage\":\"es\",\"potentialAction\":[{\"@type\":\"ReadAction\",\"target\":[\"https:\/\/pipol11.pipolcongres.eu\/es\/2023\/04\/06\/un-mito-de-benevolencia-contemporaneo-felix-rueda\/\"]}]},{\"@type\":\"Person\",\"@id\":\"https:\/\/pipol11.pipolcongres.eu\/#\/schema\/person\/f8cb217f45103fcb436f14acee2b5b9b\",\"name\":\"PIPOL TEAM\",\"image\":{\"@type\":\"ImageObject\",\"@id\":\"https:\/\/pipol11.pipolcongres.eu\/#personlogo\",\"inLanguage\":\"es\",\"url\":\"https:\/\/secure.gravatar.com\/avatar\/b98e815813af2d80d5c2073a926d2dd2?s=96&d=mm&r=g\",\"caption\":\"PIPOL TEAM\"}}]}<\/script>\n<!-- \/ Yoast SEO plugin. -->","amp_validity":null,"amp_enabled":true,"_links":{"self":[{"href":"https:\/\/pipol11.pipolcongres.eu\/es\/wp-json\/wp\/v2\/posts\/5078"}],"collection":[{"href":"https:\/\/pipol11.pipolcongres.eu\/es\/wp-json\/wp\/v2\/posts"}],"about":[{"href":"https:\/\/pipol11.pipolcongres.eu\/es\/wp-json\/wp\/v2\/types\/post"}],"author":[{"embeddable":true,"href":"https:\/\/pipol11.pipolcongres.eu\/es\/wp-json\/wp\/v2\/users\/3"}],"replies":[{"embeddable":true,"href":"https:\/\/pipol11.pipolcongres.eu\/es\/wp-json\/wp\/v2\/comments?post=5078"}],"version-history":[{"count":0,"href":"https:\/\/pipol11.pipolcongres.eu\/es\/wp-json\/wp\/v2\/posts\/5078\/revisions"}],"wp:featuredmedia":[{"embeddable":true,"href":"https:\/\/pipol11.pipolcongres.eu\/es\/wp-json\/wp\/v2\/media\/5037"}],"wp:attachment":[{"href":"https:\/\/pipol11.pipolcongres.eu\/es\/wp-json\/wp\/v2\/media?parent=5078"}],"wp:term":[{"taxonomy":"category","embeddable":true,"href":"https:\/\/pipol11.pipolcongres.eu\/es\/wp-json\/wp\/v2\/categories?post=5078"},{"taxonomy":"post_tag","embeddable":true,"href":"https:\/\/pipol11.pipolcongres.eu\/es\/wp-json\/wp\/v2\/tags?post=5078"}],"curies":[{"name":"wp","href":"https:\/\/api.w.org\/{rel}","templated":true}]}}