{"id":5658,"date":"2023-05-11T20:08:59","date_gmt":"2023-05-11T18:08:59","guid":{"rendered":"https:\/\/pipol11.pipolcongres.eu\/?p=5658"},"modified":"2023-05-12T07:29:46","modified_gmt":"2023-05-12T05:29:46","slug":"homenaje-a-las-sinsombrero-vilma-coccoz","status":"publish","type":"post","link":"https:\/\/pipol11.pipolcongres.eu\/es\/2023\/05\/11\/homenaje-a-las-sinsombrero-vilma-coccoz\/","title":{"rendered":"Homenaje a las <em>Sinsombrero<\/em> \u2013 <em>Vilma Coccoz<\/em>"},"content":{"rendered":"<div class=\"pf-content\"><p>En su presentaci\u00f3n del pr\u00f3ximo congreso Pipol su director, Guy Poblome, destaca que el t\u00e9rmino patriarcado \u2013\u00a0en desuso durante mucho tiempo\u00a0\u2013 \u00ab\u00a0vuelve hoy con fuerza\u00a0\u00bb a partir de los planteamientos nacidos en las universidades americanas<a href=\"#_edn1\" name=\"_ednref1\">[1]<\/a>. Su impacto se hace sentir en diversas disciplinas y campos, \u00e9l menciona, entre otros, las luchas neofeministas.<\/p>\n<p>\u00bf\u00a0Qu\u00e9 aporta lo \u00ab\u00a0neo\u00a0\u00bb desde nuestra perspectiva\u00a0? Creo que nos encontramos ante una nueva <em>espira<\/em>, seg\u00fan la propuesta de Jacques-Alain Miller, cuando nos invita a pensar una temporalidad en <em>espiral<\/em><a href=\"#_edn2\" name=\"_ednref2\">[2]<\/a><em> \u2013<\/em><em>\u00a0<\/em>alternativa al \u00ab\u00a0<em>anhistoricismo<\/em> propio de los EEUU\u00a0\u00bb\u00a0\u2013 ya que permite anudar el retorno y lo nuevo.<\/p>\n<p>Partimos de la primera conceptualizaci\u00f3n de Lacan, en 1938, cuando afirma que \u00ab\u00a0los or\u00edgenes de nuestra cultura est\u00e1n <u>excesivamente<\/u> ligados a [\u2026] la <u>aventura<\/u> de la familia paternalista como para que no imponga [\u2026] un predominio del principio masculino [\u2026] \u00a0\u00bb y precisa\u00a0: \u00ab\u00a0esta preferencia tiene un <u>rev\u00e9s<\/u> fundamental, primordialmente la ocultaci\u00f3n del principio femenino bajo el ideal masculino\u00a0\u00bb<a href=\"#_edn3\" name=\"_ednref3\">[3]<\/a>. Concebir la historia en <em>espiral<\/em> permite cernir ciertas escansiones en torno al principio femenino y su car\u00e1cter her\u00e9tico, a trav\u00e9s de sus irrupciones en la cultura y en la pol\u00edtica. No se trata de ex\u00e9gesis, ni de cronolog\u00eda, sino de un tejido complejo, multifactorial, en torno al misterio esencial de la femineidad.<\/p>\n<p>Es ese marco se inscribe un acontecimiento de gran calado en la historia de principios del siglo XX\u00a0: la existencia de las<em> Sinsombrero<\/em>, el <em>signo viviente<\/em> de las mujeres que tomaron la plaza p\u00fablica y se ganaron el reconocimiento de sus coet\u00e1neos\u00a0: artistas, escritoras, fil\u00f3sofas, abogadas, periodistas, actrices, traductoras, editoras.<\/p>\n<p>Un d\u00eda Maruja Mallo caminaba junto a Dal\u00ed, Margarita Manso y Garc\u00eda Lorca, cuando decidieron quitarse el sombrero (en esa \u00e9poca signo de estatus social y de recato femenino) para evitar el colapso del pensamiento. Recibieron piedras y abucheos. Fue el comienzo de lo que Ram\u00f3n G\u00f3mez de la Serna, en 1930, define as\u00ed\u00a0: \u00ab\u00a0El fen\u00f3meno del <em>sinsombrerismo <\/em>es m\u00e1s amplio y significativo de lo que parece. Es el final de una \u00e9poca, como fue lanzar por la borda las pelucas. Quiere decir presteza en comprender y en decidirse, afinidad en los horizontes que se atalayan, ansias de nuevas leyes y nuevos permisos, entrada en la nueva cinem\u00e1tica de la vida, no dejar nunca en el perchero la cabeza, no apagar las luces del aceptar, ir con rumbo bravo por los caminos de la vida, desenmascararse, ser un poco surrealista\u00a0\u00bb<a href=\"#_edn4\" name=\"_ednref4\">[4]<\/a>.<\/p>\n<p>En esos a\u00f1os sus voces transmitieron el contagioso deseo de cambio que las hac\u00eda reunirse en el <em>Lyceum Club<\/em> para estudiar, conversar, dise\u00f1ar proyectos pedag\u00f3gicos, participar activamente en la pol\u00edtica. Sin embargo, en la peculiar <em>espira<\/em> que se teje en nuestra \u00e9poca, el leg\u00edtimo clamor por la recuperaci\u00f3n de su legado por parte del neofeminismo se desliza hacia una continuidad, una historia lineal que pudiera resarcirse, como si la lucha de ellas por afianzarse y conquistar \u00ab\u00a0nuevas leyes y nuevos permisos\u00a0\u00bb \u2013\u00a0haciendo valer el principio femenino\u00a0\u2013, pudiera completarse y reanudarse con su recuerdo.<\/p>\n<p>En mi opini\u00f3n, cierto anhistoricismo contamina estos prop\u00f3sitos. A fin de llevar a cabo un an\u00e1lisis cr\u00edtico y justo, propongo distinguir varias formas de patriarcado, unos, permeables a su rev\u00e9s femenino y otros, como el franquista, que pregonando la muerte de la inteligencia, usurpando el poder con \u00f3rdenes militares y en alianza con la Iglesia sembr\u00f3 el terror, extirp\u00f3 los logros culturales y pol\u00edticos de las <em>Sinsombrero <\/em>y sus compa\u00f1eros de la Rep\u00fablica.<\/p>\n<p>Tenerlo en cuenta nos ayudar\u00eda a precisar el modo peculiar en que los neofeminismos se insertan en cada comunidad cultural, ante los diversos patriarcados que se destacan en este primer cuarto de siglo XXI caracterizado por \u00ab\u00a0la copulaci\u00f3n del capitalismo y la [tecno]ciencia\u00a0\u00bb<a href=\"#_edn5\" name=\"_ednref5\">[5]<\/a>.<\/p>\n<p><a href=\"#_ednref1\" name=\"_edn1\">[1]<\/a> Poblome, G., Argumento\u00a0: \u00ab\u00a0Cl\u00ednica y cr\u00edtica del patriarcado\u00a0\u00bb, <em>Blog Nobodaddy<\/em> de Pipol\u00a011, disponible en internet.<br \/>\n<a href=\"#_ednref2\" name=\"_edn2\">[2]<\/a> Miller<em>,<\/em> J.-A., <em>Pol\u00e9mica Pol\u00edtica<\/em>, textos recopilados por Andr\u00e9s Border\u00edas, Barcelona, Editorial Gredos S.A., 2021.<br \/>\n<a href=\"#_ednref3\" name=\"_edn3\">[3]<\/a> Lacan, J., <em>La familia, <\/em>Barcelona, Editorial Argonauta, 1979, p.\u00a0141. [Los subrayados son del autor].<br \/>\n<a href=\"#_ednref4\" name=\"_edn4\">[4]<\/a> Ram\u00f3n G\u00f3mez de la Serna, \u00ab\u00a0En, por, sin, sobre el sinsombrerismo\u00a0\u00bb, <em>El Sol<\/em>, 24\/8\/1930 en T\u00e0nia Ball\u00f3,<br \/>\n<em>Las Sinsombrero<\/em>, Barcelona, Espasa Libros, 2016, p.\u00a034.<br \/>\n<a href=\"#_ednref5\" name=\"_edn5\">[5]<\/a> Lacan, J., <em>El Seminario<\/em>, libro\u00a017, <em>El reverso del psicoana\u0301lisis, <\/em>Buenos Aires, Paido\u0301s, 2015, p.\u00a0116.<\/p>\n<p style=\"text-align: right;\">Fotograf\u00eda\u00a0: \u00a9 <a href=\"Ateliers%20d\u2019Art%20de%20la%20Baraque\">Ateliers d\u2019Art de la Baraque<\/a><\/p>\n<\/div>","protected":false},"excerpt":{"rendered":"<p>En su presentaci\u00f3n del pr\u00f3ximo congreso Pipol su director, Guy Poblome, destaca que el t\u00e9rmino patriarcado \u2013\u00a0en desuso durante mucho tiempo\u00a0\u2013 \u00ab\u00a0vuelve hoy con fuerza\u00a0\u00bb a partir de los planteamientos nacidos en las universidades americanas[1]. Su impacto se hace sentir en diversas disciplinas y campos, \u00e9l menciona, entre otros, las luchas neofeministas. \u00bf\u00a0Qu\u00e9 aporta lo [&hellip;]<\/p>\n","protected":false},"author":3,"featured_media":5572,"comment_status":"closed","ping_status":"closed","sticky":false,"template":"","format":"standard","meta":{"spay_email":""},"categories":[184],"tags":[],"jetpack_featured_media_url":"https:\/\/pipol11.pipolcongres.eu\/wp-content\/uploads\/2023\/05\/Coocoz.Atelier-D_Art-De-La-Baraque-sans.jpg","yoast_head":"<!-- This site is optimized with the Yoast SEO plugin v15.5 - https:\/\/yoast.com\/wordpress\/plugins\/seo\/ -->\n<title>Homenaje a las Sinsombrero \u2013 Vilma Coccoz - Pipol11<\/title>\n<meta name=\"robots\" content=\"index, follow, max-snippet:-1, max-image-preview:large, max-video-preview:-1\" \/>\n<link rel=\"canonical\" href=\"https:\/\/pipol11.pipolcongres.eu\/es\/2023\/05\/11\/homenaje-a-las-sinsombrero-vilma-coccoz\/\" \/>\n<meta property=\"og:locale\" content=\"es_ES\" \/>\n<meta property=\"og:type\" content=\"article\" \/>\n<meta property=\"og:title\" content=\"Homenaje a las Sinsombrero \u2013 Vilma Coccoz - Pipol11\" \/>\n<meta property=\"og:description\" content=\"En su presentaci\u00f3n del pr\u00f3ximo congreso Pipol su director, Guy Poblome, destaca que el t\u00e9rmino patriarcado \u2013\u00a0en desuso durante mucho tiempo\u00a0\u2013 \u00ab\u00a0vuelve hoy con fuerza\u00a0\u00bb a partir de los planteamientos nacidos en las universidades americanas[1]. Su impacto se hace sentir en diversas disciplinas y campos, \u00e9l menciona, entre otros, las luchas neofeministas. \u00bf\u00a0Qu\u00e9 aporta lo [&hellip;]\" \/>\n<meta property=\"og:url\" content=\"https:\/\/pipol11.pipolcongres.eu\/es\/2023\/05\/11\/homenaje-a-las-sinsombrero-vilma-coccoz\/\" \/>\n<meta property=\"og:site_name\" content=\"Pipol11\" \/>\n<meta property=\"article:published_time\" content=\"2023-05-11T18:08:59+00:00\" \/>\n<meta property=\"article:modified_time\" content=\"2023-05-12T05:29:46+00:00\" \/>\n<meta property=\"og:image\" content=\"https:\/\/pipol11.pipolcongres.eu\/wp-content\/uploads\/2023\/05\/Coocoz.Atelier-D_Art-De-La-Baraque-sans.jpg\" \/>\n\t<meta property=\"og:image:width\" content=\"750\" \/>\n\t<meta property=\"og:image:height\" content=\"375\" \/>\n<meta name=\"twitter:card\" content=\"summary_large_image\" \/>\n<meta name=\"twitter:label1\" content=\"Tiempo de lectura\">\n\t<meta name=\"twitter:data1\" content=\"3 minutos\">\n<script type=\"application\/ld+json\" class=\"yoast-schema-graph\">{\"@context\":\"https:\/\/schema.org\",\"@graph\":[{\"@type\":\"WebSite\",\"@id\":\"https:\/\/pipol11.pipolcongres.eu\/#website\",\"url\":\"https:\/\/pipol11.pipolcongres.eu\/\",\"name\":\"Pipol11\",\"description\":\"\",\"potentialAction\":[{\"@type\":\"SearchAction\",\"target\":\"https:\/\/pipol11.pipolcongres.eu\/?s={search_term_string}\",\"query-input\":\"required name=search_term_string\"}],\"inLanguage\":\"es\"},{\"@type\":\"ImageObject\",\"@id\":\"https:\/\/pipol11.pipolcongres.eu\/es\/2023\/05\/11\/homenaje-a-las-sinsombrero-vilma-coccoz\/#primaryimage\",\"inLanguage\":\"es\",\"url\":\"https:\/\/pipol11.pipolcongres.eu\/wp-content\/uploads\/2023\/05\/Coocoz.Atelier-D_Art-De-La-Baraque-sans.jpg\",\"width\":750,\"height\":375,\"caption\":\"\\u00a9 Ateliers d\\u2019Art de la Baraque \\u2013 https:\/\/www.ateliers-la-baraque.be\/\"},{\"@type\":\"WebPage\",\"@id\":\"https:\/\/pipol11.pipolcongres.eu\/es\/2023\/05\/11\/homenaje-a-las-sinsombrero-vilma-coccoz\/#webpage\",\"url\":\"https:\/\/pipol11.pipolcongres.eu\/es\/2023\/05\/11\/homenaje-a-las-sinsombrero-vilma-coccoz\/\",\"name\":\"Homenaje a las Sinsombrero \\u2013 Vilma Coccoz - Pipol11\",\"isPartOf\":{\"@id\":\"https:\/\/pipol11.pipolcongres.eu\/#website\"},\"primaryImageOfPage\":{\"@id\":\"https:\/\/pipol11.pipolcongres.eu\/es\/2023\/05\/11\/homenaje-a-las-sinsombrero-vilma-coccoz\/#primaryimage\"},\"datePublished\":\"2023-05-11T18:08:59+00:00\",\"dateModified\":\"2023-05-12T05:29:46+00:00\",\"author\":{\"@id\":\"https:\/\/pipol11.pipolcongres.eu\/#\/schema\/person\/f8cb217f45103fcb436f14acee2b5b9b\"},\"inLanguage\":\"es\",\"potentialAction\":[{\"@type\":\"ReadAction\",\"target\":[\"https:\/\/pipol11.pipolcongres.eu\/es\/2023\/05\/11\/homenaje-a-las-sinsombrero-vilma-coccoz\/\"]}]},{\"@type\":\"Person\",\"@id\":\"https:\/\/pipol11.pipolcongres.eu\/#\/schema\/person\/f8cb217f45103fcb436f14acee2b5b9b\",\"name\":\"PIPOL TEAM\",\"image\":{\"@type\":\"ImageObject\",\"@id\":\"https:\/\/pipol11.pipolcongres.eu\/#personlogo\",\"inLanguage\":\"es\",\"url\":\"https:\/\/secure.gravatar.com\/avatar\/b98e815813af2d80d5c2073a926d2dd2?s=96&d=mm&r=g\",\"caption\":\"PIPOL TEAM\"}}]}<\/script>\n<!-- \/ Yoast SEO plugin. -->","amp_validity":null,"amp_enabled":true,"_links":{"self":[{"href":"https:\/\/pipol11.pipolcongres.eu\/es\/wp-json\/wp\/v2\/posts\/5658"}],"collection":[{"href":"https:\/\/pipol11.pipolcongres.eu\/es\/wp-json\/wp\/v2\/posts"}],"about":[{"href":"https:\/\/pipol11.pipolcongres.eu\/es\/wp-json\/wp\/v2\/types\/post"}],"author":[{"embeddable":true,"href":"https:\/\/pipol11.pipolcongres.eu\/es\/wp-json\/wp\/v2\/users\/3"}],"replies":[{"embeddable":true,"href":"https:\/\/pipol11.pipolcongres.eu\/es\/wp-json\/wp\/v2\/comments?post=5658"}],"version-history":[{"count":0,"href":"https:\/\/pipol11.pipolcongres.eu\/es\/wp-json\/wp\/v2\/posts\/5658\/revisions"}],"wp:featuredmedia":[{"embeddable":true,"href":"https:\/\/pipol11.pipolcongres.eu\/es\/wp-json\/wp\/v2\/media\/5572"}],"wp:attachment":[{"href":"https:\/\/pipol11.pipolcongres.eu\/es\/wp-json\/wp\/v2\/media?parent=5658"}],"wp:term":[{"taxonomy":"category","embeddable":true,"href":"https:\/\/pipol11.pipolcongres.eu\/es\/wp-json\/wp\/v2\/categories?post=5658"},{"taxonomy":"post_tag","embeddable":true,"href":"https:\/\/pipol11.pipolcongres.eu\/es\/wp-json\/wp\/v2\/tags?post=5658"}],"curies":[{"name":"wp","href":"https:\/\/api.w.org\/{rel}","templated":true}]}}