{"id":5801,"date":"2023-05-25T20:24:25","date_gmt":"2023-05-25T18:24:25","guid":{"rendered":"https:\/\/pipol11.pipolcongres.eu\/2023\/05\/25\/pere-ne-vois-tu-pas-que-tu-delires-penelope-fay\/"},"modified":"2023-05-26T00:24:58","modified_gmt":"2023-05-25T22:24:58","slug":"padre-no-ves-que-estas-delirando-penelope-fay","status":"publish","type":"post","link":"https:\/\/pipol11.pipolcongres.eu\/es\/2023\/05\/25\/padre-no-ves-que-estas-delirando-penelope-fay\/","title":{"rendered":"Padre, \u00bf no ves que est\u00e1s delirando ? \u2013 <em>P\u00e9n\u00e9lope Fay<\/em>"},"content":{"rendered":"<div class=\"pf-content\"><p>El ni\u00f1o sigue a su padre con la mirada. Sigue sus consejos, bebe sus palabras. No es cuesti\u00f3n de cuestionarse ni de rebatir lo que dice.<\/p>\n<p>Al menos, El\u00edas lo encuentra un poco extra\u00f1o\u00a0: siempre lleva \u00ab\u00a0una chaqueta de caza de camuflaje con un n\u00famero alucinante de bolsillos\u00a0\u00bb<a href=\"#_edn1\" name=\"_ednref1\">[1]<\/a>, por la noche, cuando sube a la habitaci\u00f3n de El\u00edas antes de que se duerma, le repite\u00a0: \u00ab\u00a0el \u00fanico animal peligroso es el ciervo, me oyes, el \u00fanico animal peligroso es el ciervo\u00a0\u00bb<a href=\"#_edn2\" name=\"_ednref2\">[2]<\/a>.<\/p>\n<p>El padre tiene una caba\u00f1a al fondo del jard\u00edn en la que se amontonan las m\u00e1quinas que el ni\u00f1o no puede tocar\u00a0: piedras magn\u00e9ticas, grabadores de ondas, bastones de Horus&#8230; Objetos que permiten alcanzar la quinta dimensi\u00f3n o los campos de visi\u00f3n.<\/p>\n<p>Un d\u00eda, el padre arroj\u00f3 un bast\u00f3n de Horus a la cara de El\u00edas porque se le hab\u00eda ca\u00eddo sin querer mientras el bast\u00f3n \u00ab\u00a0se recargaba de energ\u00eda\u00a0\u00bb<a href=\"#_edn3\" name=\"_ednref3\">[3]<\/a>. Regularmente, el padre impone al ni\u00f1o \u00ab\u00a0el ejercicio del gran fr\u00edo\u00a0\u00bb<a href=\"#_edn4\" name=\"_ednref4\">[4]<\/a>, para liberarlo de las ondas\u00a0: debe sumergirse completamente en el lago, cabeza incluida, incluso en invierno. A El\u00edas no le gusta mucho, pero no se inmuta\u00a0: \u00ab\u00a0Lo extra\u00f1o es que era consciente de la anormalidad de todo esto, pero al mismo tiempo quer\u00eda complacer a mi padre\u00a0\u00bb<a href=\"#_edn5\" name=\"_ednref5\">[5]<\/a>.<\/p>\n<p>Las \u00ab\u00a0ondas\u00a0\u00bb son una \u00ab\u00a0contrase\u00f1a\u00a0\u00bb<a href=\"#_edn6\" name=\"_ednref6\">[6]<\/a> para El\u00edas, una palabra en su peque\u00f1a maleta de palabras infantiles, la maleta de su familia, aquella que forma con su padre. Es una palabra que no hace enigma, es una palabra que oculta el saber del padre, un saber que se queda de un solo lado. No es cuesti\u00f3n de interrogar las palabras del padre, puesto que constituyen su fundamento, puesto que sus significados son su cuna. No hay otros.<\/p>\n<p>El padre explica sus teor\u00edas, pero se niega a ense\u00f1ar nada a El\u00edas, ni a leer, ni a escribir, ni a andar en bicicleta<a href=\"#_edn7\" name=\"_ednref7\">[7]<\/a>&#8230; El saber es un bloque, no se transmite, no va y viene entre el padre y el hijo, no circula, no arranca, no vacila. No est\u00e1 un poco en el uno, un poco en el Otro.<\/p>\n<p>\u00bf\u00a0Cu\u00e1l es la versi\u00f3n del padre que Victor Pouchet nos retrata en su novela <em>Autorretrato de ciervo\u00a0<\/em>?<\/p>\n<p>Una versi\u00f3n de padre y no un (padre)<a href=\"#_edn8\" name=\"_ednref8\">[8]<\/a> \u00ab\u00a0<em>p\u00e8re-versamente <\/em>orientado, es decir que hace de una mujer, la causa de su deseo, su objeto\u00a0<em>a<\/em> causa de su deseo\u00a0\u00bb<a href=\"#_edn9\" name=\"_ednref9\">[9]<\/a>. Es un padre de principios, que no constituye el lote moral. Es un padre impregnado de certezas, no de creencias que podr\u00edan dejar al sujeto en una divisi\u00f3n en la que el Otro se inmiscuir\u00eda. Un padre inflado de afirmaciones, lejos de la funci\u00f3n simb\u00f3lica.<\/p>\n<p>\u00c9l es la ley y la verdad, una versi\u00f3n paranoica del padre. Se puede leer su voluntad de gozar del ni\u00f1o; este ni\u00f1o cuyo cuerpo, mirada y afirmaciones deben venir a servir a su mundo, que s\u00f3lo se mantiene unido a trav\u00e9s de esta lectura delirante.<\/p>\n<p>Es porque El\u00edas se encuentra con otros peque\u00f1os otros, otras palabras, otras miradas\u00a0; es porque oye \u00ab\u00a0el papa de El\u00edas es un chiflado[,] el papa de El\u00edas es un chiflado\u00a0\u00bb<a href=\"#_edn10\" name=\"_ednref10\">[10]<\/a> que la disonancia aparece para \u00e9l. As\u00ed, por debajo de la ley en la que cre\u00eda, aparece el capricho y el goce del padre, \u00ab\u00a0padre tirano, que impone un goce tan insoportable como arbitrario\u00a0\u00bb<a href=\"#_edn11\" name=\"_ednref11\">[11]<\/a>.<\/p>\n<p>De este padre que se cree Dios<a href=\"#_edn12\" name=\"_ednref12\">[12]<\/a>, El\u00edas conservar\u00e1 las marcas, marcas en el cuerpo \u2013\u00a0cuerpo tambaleante, inestable\u00a0\u2013, y los significantes oraculares y aterradores, como su animal t\u00f3tem que le fue soplado por su padre, al final de una especie de hipnosis cham\u00e1nica\u00a0: el ciervo. \u00ab\u00a0A menudo la caza del ciervo termina en un estanque donde ya no hay forma de romper los caminos, porque el agotamiento es demasiado grande [&#8230;] Quiz\u00e1s nuestros caminos est\u00e1n entremezclados y nuestro olfato no nos permite encontrarnos en \u00e9l, pero no pierdo la esperanza, todav\u00eda no he ca\u00eddo en el estanque\u00a0\u00bb<a href=\"#_edn13\" name=\"_ednref13\">[13]<\/a>.<\/p>\n<p>Referencias del autor\u00a0:<br \/>\n<a href=\"#_ednref1\" name=\"_edn1\">[1]<\/a> Pouchet V., <em>Autoportrait en chevreuil<\/em>, Paris, Livre de Poche, 2022, p.\u00a017. [La traducci\u00f3n es nuestra]<br \/>\n<a href=\"#_ednref2\" name=\"_edn2\">[2]<\/a> <em>Ibid<\/em>. [La traducci\u00f3n es nuestra]<br \/>\n<a href=\"#_ednref3\" name=\"_edn3\">[3]<\/a> <em>Ibid<\/em>., p.\u00a019. [La traducci\u00f3n es nuestra]<br \/>\n<a href=\"#_ednref4\" name=\"_edn4\">[4]<\/a> <em>Ibid<\/em>., p.\u00a036. [La traducci\u00f3n es nuestra]<br \/>\n<a href=\"#_ednref5\" name=\"_edn5\">[5]<\/a> <em>Ibid<\/em>. [La traducci\u00f3n es nuestra]<br \/>\n<a href=\"#_ednref6\" name=\"_edn6\">[6]<\/a> <em>Ibid<\/em>., p.\u00a037. [La traducci\u00f3n es nuestra]<br \/>\n<a href=\"#_ednref7\" name=\"_edn7\">[7]<\/a> Cf. <em>ibid<\/em>., p.\u00a018.<br \/>\n<a href=\"#_ednref8\" name=\"_edn8\">[8]<\/a> Nota del Traductor.<br \/>\n<a href=\"#_ednref9\" name=\"_edn9\">[9]<\/a> Lacan J., El Seminario, libro 22, \u00ab\u00a0R.S.I.\u00a0\u00bb, clase del 21 de enero de 1975, <em>Ornicar ?<\/em>, n\u00b03, Par\u00eds, mayo 1975, p.\u00a0107.<br \/>\n<a href=\"#_ednref10\" name=\"_edn10\">[10]<\/a> Pouchet V., <em>Autoportrait en chevreuil<\/em>, <em>op. cit<\/em>., p.\u00a027.<br \/>\n<a href=\"#_ednref11\" name=\"_edn11\">[11]<\/a> Laurent \u00c9., \u00ab\u00a0El lugar irreductible del padre\u00a0\u00bb, <em>Nobodaddy, <\/em>Blog Pipol\u00a011, 26 de febrero 2023<em>, <\/em>disponible en <a href=\"https:\/\/pipol11.pipolcongres.eu\/es\/2023\/02\/23\/el-lugar-irreductible-del-padre-eric-laurent\/\">l\u00ednea<\/a>.<br \/>\n<a href=\"#_ednref12\" name=\"_edn12\">[12]<\/a> Cf. <em>ibid<\/em>.<br \/>\n<a href=\"#_ednref13\" name=\"_edn13\">[13]<\/a> Pouchet V., <em>Autoportrait en chevreuil<\/em>, <em>op. cit<\/em>., p.\u00a0122. [La traducci\u00f3n es nuestra]<\/p>\n<p style=\"text-align: right;\">Traducci\u00f3n\u00a0: Jesica Varela<br \/>\nRelectura\u00a0: Fernando Centeno<\/p>\n<p style=\"text-align: right;\">Fotograf\u00eda : \u00a9 <a href=\"https:\/\/marievanroey.cargo.site\/peintures\">Marie Van Roey<\/a><\/p>\n<\/div>","protected":false},"excerpt":{"rendered":"<p>El ni\u00f1o sigue a su padre con la mirada. Sigue sus consejos, bebe sus palabras. No es cuesti\u00f3n de cuestionarse ni de rebatir lo que dice. Al menos, El\u00edas lo encuentra un poco extra\u00f1o\u00a0: siempre lleva \u00ab\u00a0una chaqueta de caza de camuflaje con un n\u00famero alucinante de bolsillos\u00a0\u00bb[1], por la noche, cuando sube a la [&hellip;]<\/p>\n","protected":false},"author":3,"featured_media":5730,"comment_status":"closed","ping_status":"closed","sticky":false,"template":"","format":"standard","meta":{"spay_email":""},"categories":[182],"tags":[],"jetpack_featured_media_url":"https:\/\/pipol11.pipolcongres.eu\/wp-content\/uploads\/2023\/05\/FAY.VAN-ROEY.gif","yoast_head":"<!-- This site is optimized with the Yoast SEO plugin v15.5 - https:\/\/yoast.com\/wordpress\/plugins\/seo\/ -->\n<title>Padre, \u00bf no ves que est\u00e1s delirando ? \u2013 P\u00e9n\u00e9lope Fay - Pipol11<\/title>\n<meta name=\"robots\" content=\"index, follow, max-snippet:-1, max-image-preview:large, max-video-preview:-1\" \/>\n<link rel=\"canonical\" href=\"https:\/\/pipol11.pipolcongres.eu\/es\/2023\/05\/25\/padre-no-ves-que-estas-delirando-penelope-fay\/\" \/>\n<meta property=\"og:locale\" content=\"es_ES\" \/>\n<meta property=\"og:type\" content=\"article\" \/>\n<meta property=\"og:title\" content=\"Padre, \u00bf no ves que est\u00e1s delirando ? \u2013 P\u00e9n\u00e9lope Fay - Pipol11\" \/>\n<meta property=\"og:description\" content=\"El ni\u00f1o sigue a su padre con la mirada. Sigue sus consejos, bebe sus palabras. No es cuesti\u00f3n de cuestionarse ni de rebatir lo que dice. Al menos, El\u00edas lo encuentra un poco extra\u00f1o\u00a0: siempre lleva \u00ab\u00a0una chaqueta de caza de camuflaje con un n\u00famero alucinante de bolsillos\u00a0\u00bb[1], por la noche, cuando sube a la [&hellip;]\" \/>\n<meta property=\"og:url\" content=\"https:\/\/pipol11.pipolcongres.eu\/es\/2023\/05\/25\/padre-no-ves-que-estas-delirando-penelope-fay\/\" \/>\n<meta property=\"og:site_name\" content=\"Pipol11\" \/>\n<meta property=\"article:published_time\" content=\"2023-05-25T18:24:25+00:00\" \/>\n<meta property=\"article:modified_time\" content=\"2023-05-25T22:24:58+00:00\" \/>\n<meta property=\"og:image\" content=\"https:\/\/pipol11.pipolcongres.eu\/wp-content\/uploads\/2023\/05\/FAY.VAN-ROEY.gif\" \/>\n\t<meta property=\"og:image:width\" content=\"750\" \/>\n\t<meta property=\"og:image:height\" content=\"375\" \/>\n<meta name=\"twitter:card\" content=\"summary_large_image\" \/>\n<meta name=\"twitter:label1\" content=\"Tiempo de lectura\">\n\t<meta name=\"twitter:data1\" content=\"3 minutos\">\n<script type=\"application\/ld+json\" class=\"yoast-schema-graph\">{\"@context\":\"https:\/\/schema.org\",\"@graph\":[{\"@type\":\"WebSite\",\"@id\":\"https:\/\/pipol11.pipolcongres.eu\/#website\",\"url\":\"https:\/\/pipol11.pipolcongres.eu\/\",\"name\":\"Pipol11\",\"description\":\"\",\"potentialAction\":[{\"@type\":\"SearchAction\",\"target\":\"https:\/\/pipol11.pipolcongres.eu\/?s={search_term_string}\",\"query-input\":\"required name=search_term_string\"}],\"inLanguage\":\"es\"},{\"@type\":\"ImageObject\",\"@id\":\"https:\/\/pipol11.pipolcongres.eu\/es\/2023\/05\/25\/padre-no-ves-que-estas-delirando-penelope-fay\/#primaryimage\",\"inLanguage\":\"es\",\"url\":\"https:\/\/pipol11.pipolcongres.eu\/wp-content\/uploads\/2023\/05\/FAY.VAN-ROEY.gif\",\"width\":750,\"height\":375,\"caption\":\"\\u00a9 Marie Van Roey \\u2013 https:\/\/marievanroey.cargo.site\/peintures\"},{\"@type\":\"WebPage\",\"@id\":\"https:\/\/pipol11.pipolcongres.eu\/es\/2023\/05\/25\/padre-no-ves-que-estas-delirando-penelope-fay\/#webpage\",\"url\":\"https:\/\/pipol11.pipolcongres.eu\/es\/2023\/05\/25\/padre-no-ves-que-estas-delirando-penelope-fay\/\",\"name\":\"Padre, \\u00bf no ves que est\\u00e1s delirando ? \\u2013 P\\u00e9n\\u00e9lope Fay - Pipol11\",\"isPartOf\":{\"@id\":\"https:\/\/pipol11.pipolcongres.eu\/#website\"},\"primaryImageOfPage\":{\"@id\":\"https:\/\/pipol11.pipolcongres.eu\/es\/2023\/05\/25\/padre-no-ves-que-estas-delirando-penelope-fay\/#primaryimage\"},\"datePublished\":\"2023-05-25T18:24:25+00:00\",\"dateModified\":\"2023-05-25T22:24:58+00:00\",\"author\":{\"@id\":\"https:\/\/pipol11.pipolcongres.eu\/#\/schema\/person\/f8cb217f45103fcb436f14acee2b5b9b\"},\"inLanguage\":\"es\",\"potentialAction\":[{\"@type\":\"ReadAction\",\"target\":[\"https:\/\/pipol11.pipolcongres.eu\/es\/2023\/05\/25\/padre-no-ves-que-estas-delirando-penelope-fay\/\"]}]},{\"@type\":\"Person\",\"@id\":\"https:\/\/pipol11.pipolcongres.eu\/#\/schema\/person\/f8cb217f45103fcb436f14acee2b5b9b\",\"name\":\"PIPOL TEAM\",\"image\":{\"@type\":\"ImageObject\",\"@id\":\"https:\/\/pipol11.pipolcongres.eu\/#personlogo\",\"inLanguage\":\"es\",\"url\":\"https:\/\/secure.gravatar.com\/avatar\/b98e815813af2d80d5c2073a926d2dd2?s=96&d=mm&r=g\",\"caption\":\"PIPOL TEAM\"}}]}<\/script>\n<!-- \/ Yoast SEO plugin. -->","amp_validity":null,"amp_enabled":true,"_links":{"self":[{"href":"https:\/\/pipol11.pipolcongres.eu\/es\/wp-json\/wp\/v2\/posts\/5801"}],"collection":[{"href":"https:\/\/pipol11.pipolcongres.eu\/es\/wp-json\/wp\/v2\/posts"}],"about":[{"href":"https:\/\/pipol11.pipolcongres.eu\/es\/wp-json\/wp\/v2\/types\/post"}],"author":[{"embeddable":true,"href":"https:\/\/pipol11.pipolcongres.eu\/es\/wp-json\/wp\/v2\/users\/3"}],"replies":[{"embeddable":true,"href":"https:\/\/pipol11.pipolcongres.eu\/es\/wp-json\/wp\/v2\/comments?post=5801"}],"version-history":[{"count":0,"href":"https:\/\/pipol11.pipolcongres.eu\/es\/wp-json\/wp\/v2\/posts\/5801\/revisions"}],"wp:featuredmedia":[{"embeddable":true,"href":"https:\/\/pipol11.pipolcongres.eu\/es\/wp-json\/wp\/v2\/media\/5730"}],"wp:attachment":[{"href":"https:\/\/pipol11.pipolcongres.eu\/es\/wp-json\/wp\/v2\/media?parent=5801"}],"wp:term":[{"taxonomy":"category","embeddable":true,"href":"https:\/\/pipol11.pipolcongres.eu\/es\/wp-json\/wp\/v2\/categories?post=5801"},{"taxonomy":"post_tag","embeddable":true,"href":"https:\/\/pipol11.pipolcongres.eu\/es\/wp-json\/wp\/v2\/tags?post=5801"}],"curies":[{"name":"wp","href":"https:\/\/api.w.org\/{rel}","templated":true}]}}