{"id":6266,"date":"2023-06-15T18:54:18","date_gmt":"2023-06-15T16:54:18","guid":{"rendered":"https:\/\/pipol11.pipolcongres.eu\/2023\/06\/15\/le-pere-suffisamment-epatant-geert-hoornaert\/"},"modified":"2023-06-15T23:42:43","modified_gmt":"2023-06-15T21:42:43","slug":"el-padre-suficientemente-asombroso-geert-hoornaert","status":"publish","type":"post","link":"https:\/\/pipol11.pipolcongres.eu\/es\/2023\/06\/15\/el-padre-suficientemente-asombroso-geert-hoornaert\/","title":{"rendered":"El padre suficientemente asombroso \u2013 <em>Geert Hoornaert<\/em>"},"content":{"rendered":"<div class=\"pf-content\"><p>La palabra \u00ab\u00a0patriarcado\u00a0\u00bb designaba tradicionalmente el predominio hist\u00f3ricamente indiscutible del significante \u00ab\u00a0padre\u00a0\u00bb en la estructuraci\u00f3n cultural. Hoy, su campo sem\u00e1ntico ha virado del Otro al Uno; en su forma m\u00e1xima, designa una sustancia invisible pero decisiva que, antes de cualquier consentimiento, infiltra abusivamente al sujeto.<\/p>\n<p>Estos dos enfoques del patriarcado tienen cada uno su propia versi\u00f3n de lo que \u00c9ric Laurent llama \u00ab\u00a0lo irreductible del padre\u00a0\u00bb<a href=\"#_edn1\" name=\"_ednref1\">[1]<\/a>. El patriarcado cl\u00e1sico postula una trascendencia necesaria para cualquier cultura. Esta cultura elige un elemento \u2013\u00a0a menudo el padre\u00a0\u2013 en el lugar de \u00ab\u00a0mediador\u00a0\u00bb y operador antropol\u00f3gico, a partir de donde las subjetividades tienen que situarse en estructuras elementales. Mediador, ya que en \u00faltima instancia ser\u00eda el derrame y la difusi\u00f3n de una sustancia religiosa lo que empuja tanto la evoluci\u00f3n humana como la subjetiva, incluso hasta en nuestras sociedades aparentemente m\u00e1s secularizadas. En efecto, la \u00ab\u00a0precondici\u00f3n\u00a0\u00bb del intercambio intersubjetivo ser\u00eda el derramamiento <em>top to bottom<\/em> de la libido divina que el padre traduce en <em>\u00e9ros<\/em> social. Esta \u00ab\u00a0permanencia\u00a0\u00bb de lo teol\u00f3gico-pol\u00edtico\u00a0\u00bb, necesaria por \u00ab\u00a0la imposibilidad de una sociedad que se ordene en una pura inmanencia a s\u00ed misma\u00a0\u00bb<a href=\"#_edn2\" name=\"_ednref2\">[2]<\/a>, ser\u00eda \u2013\u00a0G\u00e9raldine Muhlmann hace esta lectura\u00a0\u2013 \u00ab\u00a0el secreto de los fil\u00f3sofos\u00a0\u00bb<a href=\"#_edn3\" name=\"_ednref3\">[3]<\/a>\u00a0: detr\u00e1s del Otro, encontramos, con el semblante divino, genitor y matricial, el Uno.<\/p>\n<p>Mir\u00e1ndolo bien, el patriarcado \u00ab\u00a0diab\u00f3lico\u00a0\u00bb no constituye m\u00e1s que el reverso de este patriarcado celeste.<\/p>\n<p>Efectivamente, si el padre puede declinarse en una pluralidad de versiones, todas estas convergen en una sustancia t\u00f3xica cuyo dominio sobre el sujeto resulta de una p\u00e8re-version Una e irreductible. Promovido as\u00ed como la clave de la infamia universal, este \u00ab\u00a0Uno\u00a0\u00bb de un poder finalmente desenmascarado proporciona las comodidades de una ideolog\u00eda laica de la cual cada uno podr\u00e1 declararse v\u00edctima.<\/p>\n<p>Al privarlo de la doble referencia al Otro y al Uno, \u00bf\u00a0qu\u00e9 aporta el psicoan\u00e1lisis sobre el padre\u00a0? \u00bf\u00a0Qu\u00e9 demostraci\u00f3n m\u00e1s elocuente de su \u00ab\u00a0secreto\u00a0\u00bb<a href=\"#_edn4\" name=\"_ednref4\">[4]<\/a> que la cl\u00ednica del padre\u00a0? Siempre demasiado presente (Marie-H\u00e9l\u00e8ne Blancard) o insuficiente (\u00c9lisabeth Marion), acusado de frenar el goce o, por el contrario, de desencadenarlo (Arcali Teixido), buscando (Anne-Marie Thomas) o no ocupar su lugar, \u00bf\u00a0no es siempre y fatalmente humillado por lo real (Lucia Icardi, Emmanuel A. Rodr\u00edguez), y de ser as\u00ed reducido a no ser m\u00e1s que un <em>N\u0153udbodaddy<\/em><a href=\"#_edn5\" name=\"_ednref5\">[5]<\/a><em>\u00a0<\/em>? No una nada (Vanessa Mikowski), ni mucho menos, sino m\u00e1s bien como algo que puede funcionar como uno de los nombres de las suplencias del agujero que el psicoan\u00e1lisis sit\u00faa en el centro del Otro.<\/p>\n<p>Lacan lleg\u00f3 a reducir su tarea a una especie de performance\u00a0; lejos de deber representar o encarnar un poder, debe, manteniendo una brecha entre lo simb\u00f3lico, lo imaginario y lo real, ser lo suficientemente asombroso como para merecer el nombre de padre. El patriarca ya no impresiona m\u00e1s\u00a0; para los padres, uno por uno, hay futuro.<\/p>\n<p>Referencias del autor\u00a0:<br \/>\n<a href=\"#_ednref1\" name=\"_edn1\">[1]<\/a> Cf. Laurent \u00c9., \u00ab\u00a0L&#8217;irr\u00e9ductible place du p\u00e8re\u00a0\u00bb, <em>Nobodaddy<\/em>, <a href=\"https:\/\/pipol11.pipolcongres.eu\/2023\/02\/23\/lirreductible-place-du-pere-eric-laurent\/\">Blog Pipol\u00a011<\/a>, 26\u00a0f\u00e9vrier\u00a02023. [La traducci\u00f3n es nuestra]<br \/>\n<a href=\"#_ednref2\" name=\"_edn2\">[2]<\/a> Lefort C., <em>Permanence du th\u00e9ologico-politique\u00a0?<\/em> (1981), Essais sur le politique\u00a0: XIX<sup>e<\/sup>-XX<sup>e<\/sup> si\u00e8cles, Paris, Seuil, 1986, p.\u00a0295. [La traducci\u00f3n es nuestra]<br \/>\n<a href=\"#_ednref3\" name=\"_edn3\">[3]<\/a> Muhlmann G., <em>L\u2019Imposture du th\u00e9ologico-politique<\/em>, Paris, Les Belles Lettres, 2022, p.\u00a0116. [La traducci\u00f3n es nuestra]<br \/>\n<a href=\"#_ednref4\" name=\"_edn4\">[4]<\/a> Cf. Lacan J., <em>Le S\u00e9minaire<\/em>, livre\u00a0VI, <em>Le D\u00e9sir et son interpr\u00e9tation<\/em>, texte \u00e9tabli par J.-A.\u00a0Miller, Paris, La Martini\u00e8re\/Le Champ freudien, 2013, p.\u00a0353. \u00ab\u00a0[L]e grand secret de la psychanalyse, c\u2019est \u2013\u00a0il n\u2019y a pas d\u2019Autre de l\u2019Autre\u00a0\u00bb.<br \/>\n<a href=\"#_ednref5\" name=\"_edn5\">[5]<\/a> N.d.T\u00a0: el autor juega en franc\u00e9s con la palabra N\u0153ud (nudo) y nob, en <em>Nobodaddy.<\/em><\/p>\n<p style=\"text-align: right;\">Traducci\u00f3n\u00a0: Jesica Varela<br \/>\nRelectura\u00a0: Marlith Pachao<\/p>\n<p style=\"text-align: right;\">Fotograf\u00eda : \u00a9 <a href=\"http:\/\/cugnac.be\/\">Fabien de Cugnac<\/a><\/p>\n<\/div>","protected":false},"excerpt":{"rendered":"<p>La palabra \u00ab\u00a0patriarcado\u00a0\u00bb designaba tradicionalmente el predominio hist\u00f3ricamente indiscutible del significante \u00ab\u00a0padre\u00a0\u00bb en la estructuraci\u00f3n cultural. Hoy, su campo sem\u00e1ntico ha virado del Otro al Uno; en su forma m\u00e1xima, designa una sustancia invisible pero decisiva que, antes de cualquier consentimiento, infiltra abusivamente al sujeto. Estos dos enfoques del patriarcado tienen cada uno su propia [&hellip;]<\/p>\n","protected":false},"author":3,"featured_media":6204,"comment_status":"closed","ping_status":"closed","sticky":false,"template":"","format":"standard","meta":{"spay_email":""},"categories":[191],"tags":[],"jetpack_featured_media_url":"https:\/\/pipol11.pipolcongres.eu\/wp-content\/uploads\/2023\/06\/Hoornaert-de-Cugnac-sans-bandeau.jpg","yoast_head":"<!-- This site is optimized with the Yoast SEO plugin v15.5 - https:\/\/yoast.com\/wordpress\/plugins\/seo\/ -->\n<title>El padre suficientemente asombroso \u2013 Geert Hoornaert - Pipol11<\/title>\n<meta name=\"robots\" content=\"index, follow, max-snippet:-1, max-image-preview:large, max-video-preview:-1\" \/>\n<link rel=\"canonical\" href=\"https:\/\/pipol11.pipolcongres.eu\/es\/2023\/06\/15\/el-padre-suficientemente-asombroso-geert-hoornaert\/\" \/>\n<meta property=\"og:locale\" content=\"es_ES\" \/>\n<meta property=\"og:type\" content=\"article\" \/>\n<meta property=\"og:title\" content=\"El padre suficientemente asombroso \u2013 Geert Hoornaert - Pipol11\" \/>\n<meta property=\"og:description\" content=\"La palabra \u00ab\u00a0patriarcado\u00a0\u00bb designaba tradicionalmente el predominio hist\u00f3ricamente indiscutible del significante \u00ab\u00a0padre\u00a0\u00bb en la estructuraci\u00f3n cultural. Hoy, su campo sem\u00e1ntico ha virado del Otro al Uno; en su forma m\u00e1xima, designa una sustancia invisible pero decisiva que, antes de cualquier consentimiento, infiltra abusivamente al sujeto. Estos dos enfoques del patriarcado tienen cada uno su propia [&hellip;]\" \/>\n<meta property=\"og:url\" content=\"https:\/\/pipol11.pipolcongres.eu\/es\/2023\/06\/15\/el-padre-suficientemente-asombroso-geert-hoornaert\/\" \/>\n<meta property=\"og:site_name\" content=\"Pipol11\" \/>\n<meta property=\"article:published_time\" content=\"2023-06-15T16:54:18+00:00\" \/>\n<meta property=\"article:modified_time\" content=\"2023-06-15T21:42:43+00:00\" \/>\n<meta property=\"og:image\" content=\"https:\/\/pipol11.pipolcongres.eu\/wp-content\/uploads\/2023\/06\/Hoornaert-de-Cugnac-sans-bandeau.jpg\" \/>\n\t<meta property=\"og:image:width\" content=\"750\" \/>\n\t<meta property=\"og:image:height\" content=\"375\" \/>\n<meta name=\"twitter:card\" content=\"summary_large_image\" \/>\n<meta name=\"twitter:label1\" content=\"Tiempo de lectura\">\n\t<meta name=\"twitter:data1\" content=\"3 minutos\">\n<script type=\"application\/ld+json\" class=\"yoast-schema-graph\">{\"@context\":\"https:\/\/schema.org\",\"@graph\":[{\"@type\":\"WebSite\",\"@id\":\"https:\/\/pipol11.pipolcongres.eu\/#website\",\"url\":\"https:\/\/pipol11.pipolcongres.eu\/\",\"name\":\"Pipol11\",\"description\":\"\",\"potentialAction\":[{\"@type\":\"SearchAction\",\"target\":\"https:\/\/pipol11.pipolcongres.eu\/?s={search_term_string}\",\"query-input\":\"required name=search_term_string\"}],\"inLanguage\":\"es\"},{\"@type\":\"ImageObject\",\"@id\":\"https:\/\/pipol11.pipolcongres.eu\/es\/2023\/06\/15\/el-padre-suficientemente-asombroso-geert-hoornaert\/#primaryimage\",\"inLanguage\":\"es\",\"url\":\"https:\/\/pipol11.pipolcongres.eu\/wp-content\/uploads\/2023\/06\/Hoornaert-de-Cugnac-sans-bandeau.jpg\",\"width\":750,\"height\":375,\"caption\":\"\\u00a9 Fabien de Cugnac \\u2013 http:\/\/cugnac.be\/\"},{\"@type\":\"WebPage\",\"@id\":\"https:\/\/pipol11.pipolcongres.eu\/es\/2023\/06\/15\/el-padre-suficientemente-asombroso-geert-hoornaert\/#webpage\",\"url\":\"https:\/\/pipol11.pipolcongres.eu\/es\/2023\/06\/15\/el-padre-suficientemente-asombroso-geert-hoornaert\/\",\"name\":\"El padre suficientemente asombroso \\u2013 Geert Hoornaert - Pipol11\",\"isPartOf\":{\"@id\":\"https:\/\/pipol11.pipolcongres.eu\/#website\"},\"primaryImageOfPage\":{\"@id\":\"https:\/\/pipol11.pipolcongres.eu\/es\/2023\/06\/15\/el-padre-suficientemente-asombroso-geert-hoornaert\/#primaryimage\"},\"datePublished\":\"2023-06-15T16:54:18+00:00\",\"dateModified\":\"2023-06-15T21:42:43+00:00\",\"author\":{\"@id\":\"https:\/\/pipol11.pipolcongres.eu\/#\/schema\/person\/f8cb217f45103fcb436f14acee2b5b9b\"},\"inLanguage\":\"es\",\"potentialAction\":[{\"@type\":\"ReadAction\",\"target\":[\"https:\/\/pipol11.pipolcongres.eu\/es\/2023\/06\/15\/el-padre-suficientemente-asombroso-geert-hoornaert\/\"]}]},{\"@type\":\"Person\",\"@id\":\"https:\/\/pipol11.pipolcongres.eu\/#\/schema\/person\/f8cb217f45103fcb436f14acee2b5b9b\",\"name\":\"PIPOL TEAM\",\"image\":{\"@type\":\"ImageObject\",\"@id\":\"https:\/\/pipol11.pipolcongres.eu\/#personlogo\",\"inLanguage\":\"es\",\"url\":\"https:\/\/secure.gravatar.com\/avatar\/b98e815813af2d80d5c2073a926d2dd2?s=96&d=mm&r=g\",\"caption\":\"PIPOL TEAM\"}}]}<\/script>\n<!-- \/ Yoast SEO plugin. -->","amp_validity":null,"amp_enabled":true,"_links":{"self":[{"href":"https:\/\/pipol11.pipolcongres.eu\/es\/wp-json\/wp\/v2\/posts\/6266"}],"collection":[{"href":"https:\/\/pipol11.pipolcongres.eu\/es\/wp-json\/wp\/v2\/posts"}],"about":[{"href":"https:\/\/pipol11.pipolcongres.eu\/es\/wp-json\/wp\/v2\/types\/post"}],"author":[{"embeddable":true,"href":"https:\/\/pipol11.pipolcongres.eu\/es\/wp-json\/wp\/v2\/users\/3"}],"replies":[{"embeddable":true,"href":"https:\/\/pipol11.pipolcongres.eu\/es\/wp-json\/wp\/v2\/comments?post=6266"}],"version-history":[{"count":0,"href":"https:\/\/pipol11.pipolcongres.eu\/es\/wp-json\/wp\/v2\/posts\/6266\/revisions"}],"wp:featuredmedia":[{"embeddable":true,"href":"https:\/\/pipol11.pipolcongres.eu\/es\/wp-json\/wp\/v2\/media\/6204"}],"wp:attachment":[{"href":"https:\/\/pipol11.pipolcongres.eu\/es\/wp-json\/wp\/v2\/media?parent=6266"}],"wp:term":[{"taxonomy":"category","embeddable":true,"href":"https:\/\/pipol11.pipolcongres.eu\/es\/wp-json\/wp\/v2\/categories?post=6266"},{"taxonomy":"post_tag","embeddable":true,"href":"https:\/\/pipol11.pipolcongres.eu\/es\/wp-json\/wp\/v2\/tags?post=6266"}],"curies":[{"name":"wp","href":"https:\/\/api.w.org\/{rel}","templated":true}]}}