{"id":6299,"date":"2023-06-15T20:04:01","date_gmt":"2023-06-15T18:04:01","guid":{"rendered":"https:\/\/pipol11.pipolcongres.eu\/2023\/06\/15\/la-place-anne-marie-thomas\/"},"modified":"2023-06-15T23:41:40","modified_gmt":"2023-06-15T21:41:40","slug":"el-lugar-anne-marie-thomas","status":"publish","type":"post","link":"https:\/\/pipol11.pipolcongres.eu\/es\/2023\/06\/15\/el-lugar-anne-marie-thomas\/","title":{"rendered":"<em>El lugar<\/em> \u2013 <em>Anne-Marie Thomas<\/em>"},"content":{"rendered":"<div class=\"pf-content\"><p>Cuando es dif\u00edcil hablarse, la escritura hace mediaci\u00f3n.<\/p>\n<p>En 1984, Annie Ernaux recibe el Premio Renaudot por uno de sus textos autobiogr\u00e1ficos <em>El lugar<\/em><a href=\"#_edn1\" name=\"_ednref1\">[1]<\/a><em>,<\/em> el de su padre. Del cual dice avergonzarse, por el ascenso social que los separ\u00f3. La escritura tom\u00f3 ocho meses, un cierto tiempo para encontrar el tono. \u00ab\u00a0As\u00ed que empec\u00e9 una novela en la que \u00e9l era el protagonista\u00a0\u00bb<a href=\"#_edn2\" name=\"_ednref2\">[2]<\/a>, \u00ab\u00a0no tengo derecho a tomar, de entrada, partido por el arte [ \u2026] Nada de poes\u00eda del recuerdo, nada de alegre regocijo. Escribir de una forma llana es lo que me resulta natural\u00a0\u00bb<a href=\"#_edn3\" name=\"_ednref3\">[3]<\/a>. En la emisi\u00f3n de \u00ab\u00a0Apostrophes\u00a0\u00bb del 6 de abril de 1984, A.\u00a0Ernaux dice que hab\u00eda sido una traici\u00f3n escribir sobre su padre a la manera de una novela. \u00ab\u00a0La escritura llana es la escritura de una constataci\u00f3n\u00a0\u00bb. \u00ab\u00a0Quiz\u00e1s escribo porque no ten\u00edamos nada para decirse\u00a0\u00bb<a href=\"#_edn4\" name=\"_ednref4\">[4]<\/a>. En 2022, recibiendo el Premio Nobel de literatura, testimonia\u00a0: \u00ab\u00a0Ten\u00eda que romper con el \u201cescribir bien\u201d, la bella frase, [\u2026] para extirpar, exhibir y comprender la desgarro que me atravesaba\u00a0\u00bb<a href=\"#_edn5\" name=\"_ednref5\">[5]<\/a>.<\/p>\n<p>A. Ernaux, a trav\u00e9s de su escritura, describe. Las frases son cortas, hacen resonar la lengua paterna, simple, ruda, eficaz, pero cautelosa en sociedad : \u00ab el <em>patois<\/em> era algo viejo y feo, un signo de inferioridad\u00a0\u00bb<a href=\"#_edn6\" name=\"_ednref6\">[6]<\/a>. \u00ab\u00a0Hablador en el Caf\u00e9 y en familia, ante la gente que hablaba bien se callaba [\u2026] miedo indecible a la palabra equivocada\u00a0\u00bb<a href=\"#_edn7\" name=\"_ednref7\">[7]<\/a>. He aqu\u00ed un padre alegre, chistoso, a veces picante, amante de los juegos, el circo, los fuegos artificiales<a href=\"#_edn8\" name=\"_ednref8\">[8]<\/a>. Viste un overol de trabajo, tiene una <em>Opinel<\/em><a href=\"#_edn9\" name=\"_ednref9\">[9]<\/a>, cultiva su jard\u00edn, mira el cielo, conoce cada p\u00e1jaro. Tiene un gusto por \u00ab\u00a0la cultura\u00a0\u00bb, con la precisi\u00f3n de A.\u00a0Ernaux\u00a0: \u00ab\u00a0ya no quiso volver a los cultivos\u00a0; el otro sentido de cultivarse, el espiritual, le resultaba del todo in\u00fatil\u00a0\u00bb<a href=\"#_edn10\" name=\"_ednref10\">[10]<\/a>.<\/p>\n<p>Entre pudor y crudeza, la emoci\u00f3n es discreta, fugaz, hasta palpable\u00a0: \u00a1\u00a0no dejarse llevar\u00a0! El orgullo paterno se puede ver en un recorte de diario en la billetera del difunto, en el que figura Annie, entre las mejores graduadas de la escuela normal. \u00c9l la empujo a estudiar, aprender bien en la escuela, \u00ab\u00a0aprender\u00a0\u00bb, no \u00ab\u00a0trabajar\u00a0\u00bb\u00a0; el verdadero trabajo es el de las manos. A.\u00a0Ernaux relata una visita a la biblioteca, de los dos, y evoca\u00a0: \u00ab\u00a0Quiz\u00e1 su mayor orgullo, o puede que hasta la justificaci\u00f3n de su existencia\u00a0: que yo pertenezca a un mundo que a \u00e9l le hab\u00eda despreciado\u00a0\u00bb<a href=\"#_edn11\" name=\"_ednref11\">[11]<\/a>, \u00ab\u00a0la esperanza de que yo ser\u00eda <em>mejor que \u00e9l<\/em>\u00a0\u00bb<a href=\"#_edn12\" name=\"_ednref12\">[12]<\/a>.<\/p>\n<p>All\u00ed hay un afecto, a lo largo del texto, y del cual A.\u00a0Ernaux har\u00e1 el t\u00edtulo de su obra de 1997\u00a0: <em>La verg\u00fcenza<\/em> \u00ab\u00a0se convirti\u00f3 en una forma de vida. En el peor de los casos era algo que ya ni siquiera percib\u00eda\u00a0: la llevaba dentro de mi propio cuerpo\u00a0\u00bb<a href=\"#_edn13\" name=\"_ednref13\">[13]<\/a>.<\/p>\n<p>A una de las preguntas de Bernad Pivot\u00a0: \u00ab\u00a0\u00bf\u00a0Usted paga una deuda\u00a0?\u00a0\u00bb, A.\u00a0Ernaux responde con ciertos significantes evocadores\u00a0: reparaci\u00f3n, rehabilitaci\u00f3n, describir sus gestos y posturas, mostrar que no hay nada all\u00ed de despreciable. Un padre que \u00ab\u00a0procuraba <em>mantenerse en su sitio<\/em>\u00a0\u00bb<a href=\"#_edn14\" name=\"_ednref14\">[14]<\/a>.<\/p>\n<p>Referencias del autor\u00a0:<br \/>\n<a href=\"#_ednref1\" name=\"_edn1\">[1]<\/a> Ernaux A., <em>El Lugar<\/em>, Barcelona, Tusquets Editores, 2020.<br \/>\n<a href=\"#_ednref2\" name=\"_edn2\">[2]<\/a> <em>Ibid<\/em>., p.\u00a020.<br \/>\n<a href=\"#_ednref3\" name=\"_edn3\">[3]<\/a> <em>Ibid<\/em>., p.\u00a020.<br \/>\n<a href=\"#_ednref4\" name=\"_edn4\">[4]<\/a> \u00ab\u00a0<em>La Place<\/em> d\u2019Annie Ernaux\u00a0\u00bb, <em>Apostrophes<\/em>, emisi\u00f3n del 6 de abril de 1984, disponible en l\u00ednea. [La traducci\u00f3n es nuestra]<br \/>\n<a href=\"#_ednref5\" name=\"_edn5\">[5]<\/a> Ernaux A., \u00ab\u00a0Conf\u00e9rence Nobel\u00a0\u00bb, disponible en <a href=\"https:\/\/www.nobelprize.org\/prizes\/literature\/2022\/ernaux\/201000-nobel-lecture-french\">l\u00ednea<\/a>. [La traducci\u00f3n es nuestra]<br \/>\n<a href=\"#_ednref6\" name=\"_edn6\">[6]<\/a> Ernaux A., <em>El Lugar<\/em>, <em>op. cit.<\/em>, p.\u00a055.<br \/>\n<a href=\"#_ednref7\" name=\"_edn7\">[7]<\/a> <em>Ibid<\/em>., p.\u00a056.<br \/>\n<a href=\"#_ednref8\" name=\"_edn8\">[8]<\/a> Cf.<em> ibid.<\/em>, p.\u00a057.<br \/>\n<a href=\"#_ednref9\" name=\"_edn9\">[9]<\/a> <em>Opinel<\/em> es una navaja plegable con mango de madera.<br \/>\n<a href=\"#_ednref10\" name=\"_edn10\">[10]<\/a> <em>Ibid<\/em>., p.\u00a029.<br \/>\n<a href=\"#_ednref11\" name=\"_edn11\">[11]<\/a> <em>Ibid<\/em>., p.\u00a099.<br \/>\n<a href=\"#_ednref12\" name=\"_edn12\">[12]<\/a> <em>Ibid.<\/em>, p.\u00a066.<br \/>\n<a href=\"#_ednref13\" name=\"_edn13\">[13]<\/a> Ernaux A., <em>La Honte<\/em>, Paris, Gallimard, 1997, p.\u00a0131.[La traducci\u00f3n es nuestra]<br \/>\n<a href=\"#_ednref14\" name=\"_edn14\">[14]<\/a> Ernaux A.,<em> El Lugar<\/em>,<em> op.cit.,<\/em> p.\u00a039<em>.<\/em><\/p>\n<p style=\"text-align: right;\">Traducci\u00f3n\u00a0: Giuliana Casagrande<br \/>\nRelectura\u00a0: Fernando Gabriel Centeno<\/p>\n<p style=\"text-align: right;\">Fotograf\u00eda : \u00a9 Elena Madera<\/p>\n<\/div>","protected":false},"excerpt":{"rendered":"<p>Cuando es dif\u00edcil hablarse, la escritura hace mediaci\u00f3n. En 1984, Annie Ernaux recibe el Premio Renaudot por uno de sus textos autobiogr\u00e1ficos El lugar[1], el de su padre. Del cual dice avergonzarse, por el ascenso social que los separ\u00f3. La escritura tom\u00f3 ocho meses, un cierto tiempo para encontrar el tono. \u00ab\u00a0As\u00ed que empec\u00e9 una [&hellip;]<\/p>\n","protected":false},"author":3,"featured_media":6260,"comment_status":"closed","ping_status":"closed","sticky":false,"template":"","format":"standard","meta":{"spay_email":""},"categories":[183],"tags":[],"jetpack_featured_media_url":"https:\/\/pipol11.pipolcongres.eu\/wp-content\/uploads\/2023\/06\/Thomas-Madera-sans-bandeau.jpg","yoast_head":"<!-- This site is optimized with the Yoast SEO plugin v15.5 - https:\/\/yoast.com\/wordpress\/plugins\/seo\/ -->\n<title>El lugar \u2013 Anne-Marie Thomas - Pipol11<\/title>\n<meta name=\"robots\" content=\"index, follow, max-snippet:-1, max-image-preview:large, max-video-preview:-1\" \/>\n<link rel=\"canonical\" href=\"https:\/\/pipol11.pipolcongres.eu\/es\/2023\/06\/15\/el-lugar-anne-marie-thomas\/\" \/>\n<meta property=\"og:locale\" content=\"es_ES\" \/>\n<meta property=\"og:type\" content=\"article\" \/>\n<meta property=\"og:title\" content=\"El lugar \u2013 Anne-Marie Thomas - Pipol11\" \/>\n<meta property=\"og:description\" content=\"Cuando es dif\u00edcil hablarse, la escritura hace mediaci\u00f3n. En 1984, Annie Ernaux recibe el Premio Renaudot por uno de sus textos autobiogr\u00e1ficos El lugar[1], el de su padre. Del cual dice avergonzarse, por el ascenso social que los separ\u00f3. La escritura tom\u00f3 ocho meses, un cierto tiempo para encontrar el tono. \u00ab\u00a0As\u00ed que empec\u00e9 una [&hellip;]\" \/>\n<meta property=\"og:url\" content=\"https:\/\/pipol11.pipolcongres.eu\/es\/2023\/06\/15\/el-lugar-anne-marie-thomas\/\" \/>\n<meta property=\"og:site_name\" content=\"Pipol11\" \/>\n<meta property=\"article:published_time\" content=\"2023-06-15T18:04:01+00:00\" \/>\n<meta property=\"article:modified_time\" content=\"2023-06-15T21:41:40+00:00\" \/>\n<meta property=\"og:image\" content=\"https:\/\/pipol11.pipolcongres.eu\/wp-content\/uploads\/2023\/06\/Thomas-Madera-sans-bandeau.jpg\" \/>\n\t<meta property=\"og:image:width\" content=\"750\" \/>\n\t<meta property=\"og:image:height\" content=\"375\" \/>\n<meta name=\"twitter:card\" content=\"summary_large_image\" \/>\n<meta name=\"twitter:label1\" content=\"Tiempo de lectura\">\n\t<meta name=\"twitter:data1\" content=\"2 minutos\">\n<script type=\"application\/ld+json\" class=\"yoast-schema-graph\">{\"@context\":\"https:\/\/schema.org\",\"@graph\":[{\"@type\":\"WebSite\",\"@id\":\"https:\/\/pipol11.pipolcongres.eu\/#website\",\"url\":\"https:\/\/pipol11.pipolcongres.eu\/\",\"name\":\"Pipol11\",\"description\":\"\",\"potentialAction\":[{\"@type\":\"SearchAction\",\"target\":\"https:\/\/pipol11.pipolcongres.eu\/?s={search_term_string}\",\"query-input\":\"required name=search_term_string\"}],\"inLanguage\":\"es\"},{\"@type\":\"ImageObject\",\"@id\":\"https:\/\/pipol11.pipolcongres.eu\/es\/2023\/06\/15\/el-lugar-anne-marie-thomas\/#primaryimage\",\"inLanguage\":\"es\",\"url\":\"https:\/\/pipol11.pipolcongres.eu\/wp-content\/uploads\/2023\/06\/Thomas-Madera-sans-bandeau.jpg\",\"width\":750,\"height\":375,\"caption\":\"\\u00a9 Elena Madera\"},{\"@type\":\"WebPage\",\"@id\":\"https:\/\/pipol11.pipolcongres.eu\/es\/2023\/06\/15\/el-lugar-anne-marie-thomas\/#webpage\",\"url\":\"https:\/\/pipol11.pipolcongres.eu\/es\/2023\/06\/15\/el-lugar-anne-marie-thomas\/\",\"name\":\"El lugar \\u2013 Anne-Marie Thomas - Pipol11\",\"isPartOf\":{\"@id\":\"https:\/\/pipol11.pipolcongres.eu\/#website\"},\"primaryImageOfPage\":{\"@id\":\"https:\/\/pipol11.pipolcongres.eu\/es\/2023\/06\/15\/el-lugar-anne-marie-thomas\/#primaryimage\"},\"datePublished\":\"2023-06-15T18:04:01+00:00\",\"dateModified\":\"2023-06-15T21:41:40+00:00\",\"author\":{\"@id\":\"https:\/\/pipol11.pipolcongres.eu\/#\/schema\/person\/f8cb217f45103fcb436f14acee2b5b9b\"},\"inLanguage\":\"es\",\"potentialAction\":[{\"@type\":\"ReadAction\",\"target\":[\"https:\/\/pipol11.pipolcongres.eu\/es\/2023\/06\/15\/el-lugar-anne-marie-thomas\/\"]}]},{\"@type\":\"Person\",\"@id\":\"https:\/\/pipol11.pipolcongres.eu\/#\/schema\/person\/f8cb217f45103fcb436f14acee2b5b9b\",\"name\":\"PIPOL TEAM\",\"image\":{\"@type\":\"ImageObject\",\"@id\":\"https:\/\/pipol11.pipolcongres.eu\/#personlogo\",\"inLanguage\":\"es\",\"url\":\"https:\/\/secure.gravatar.com\/avatar\/b98e815813af2d80d5c2073a926d2dd2?s=96&d=mm&r=g\",\"caption\":\"PIPOL TEAM\"}}]}<\/script>\n<!-- \/ Yoast SEO plugin. -->","amp_validity":null,"amp_enabled":true,"_links":{"self":[{"href":"https:\/\/pipol11.pipolcongres.eu\/es\/wp-json\/wp\/v2\/posts\/6299"}],"collection":[{"href":"https:\/\/pipol11.pipolcongres.eu\/es\/wp-json\/wp\/v2\/posts"}],"about":[{"href":"https:\/\/pipol11.pipolcongres.eu\/es\/wp-json\/wp\/v2\/types\/post"}],"author":[{"embeddable":true,"href":"https:\/\/pipol11.pipolcongres.eu\/es\/wp-json\/wp\/v2\/users\/3"}],"replies":[{"embeddable":true,"href":"https:\/\/pipol11.pipolcongres.eu\/es\/wp-json\/wp\/v2\/comments?post=6299"}],"version-history":[{"count":0,"href":"https:\/\/pipol11.pipolcongres.eu\/es\/wp-json\/wp\/v2\/posts\/6299\/revisions"}],"wp:featuredmedia":[{"embeddable":true,"href":"https:\/\/pipol11.pipolcongres.eu\/es\/wp-json\/wp\/v2\/media\/6260"}],"wp:attachment":[{"href":"https:\/\/pipol11.pipolcongres.eu\/es\/wp-json\/wp\/v2\/media?parent=6299"}],"wp:term":[{"taxonomy":"category","embeddable":true,"href":"https:\/\/pipol11.pipolcongres.eu\/es\/wp-json\/wp\/v2\/categories?post=6299"},{"taxonomy":"post_tag","embeddable":true,"href":"https:\/\/pipol11.pipolcongres.eu\/es\/wp-json\/wp\/v2\/tags?post=6299"}],"curies":[{"name":"wp","href":"https:\/\/api.w.org\/{rel}","templated":true}]}}